{"id":9797,"date":"2023-06-28T17:47:11","date_gmt":"2023-06-28T20:47:11","guid":{"rendered":"https:\/\/vimagazine.com.br\/?p=9797"},"modified":"2023-06-28T17:47:13","modified_gmt":"2023-06-28T20:47:13","slug":"debate-sobre-novo-ensino-medio-reforca-a-importancia-de-cursos-tecnicos","status":"publish","type":"post","link":"https:\/\/vimagazine.com.br\/?p=9797","title":{"rendered":"Debate sobre Novo Ensino M\u00e9dio refor\u00e7a a import\u00e2ncia de cursos t\u00e9cnicos\u00a0"},"content":{"rendered":"\n<p class=\"has-text-align-center\"><em>Com 12 op\u00e7\u00f5es em diferentes \u00e1reas do conhecimento, Escola T\u00e9cnica Tupy abre inscri\u00e7\u00f5es para quem deseja iniciar as aulas no segundo semestre&nbsp;<\/em><\/p>\n\n\n\n<p class=\"has-text-align-center\">O Minist\u00e9rio da Educa\u00e7\u00e3o est\u00e1 realizando uma consulta p\u00fablica sobre o Novo Ensino M\u00e9dio no pa\u00eds. A pesquisa, prorrogada at\u00e9 o dia 6 de julho, pretende ouvir professores, estudantes, gestores de escolas, pais, pesquisadores, especialistas na \u00e1rea de educa\u00e7\u00e3o e a sociedade civil para avaliar a proposta em vigor e discutir mudan\u00e7as na educa\u00e7\u00e3o.&nbsp;<\/p>\n\n\n\n<p class=\"has-text-align-center\">Institu\u00eddo pela Lei 13.415\/2017, o Novo Ensino M\u00e9dio (NEM) come\u00e7ou a ser testado no ano passado, mas enfrenta dificuldades. Al\u00e9m da altera\u00e7\u00e3o na carga hor\u00e1ria, o NEM agrupa disciplinas tradicionais em \u00e1reas do conhecimento e permite que os estudantes escolham assuntos de prefer\u00eancia, os chamados itiner\u00e1rios formativos.&nbsp;Os interessados em contribuir com a discuss\u00e3o devem acessar a plataforma&nbsp;<a href=\"https:\/\/www.gov.br\/participamaisbrasil\/acesso\" target=\"_blank\" rel=\"noreferrer noopener\">Participa Mais Brasil<\/a>.&nbsp;<\/p>\n\n\n\n<p class=\"has-text-align-center\">Dados do Censo Escolar do INEP revelam que cerca de 7,7 milh\u00f5es de estudantes estavam matriculados no ensino m\u00e9dio em 2021. Enquanto o novo modelo de educa\u00e7\u00e3o n\u00e3o se consolida no pa\u00eds, as escolas de ensino t\u00e9cnico se reafirmam como refer\u00eancia na forma\u00e7\u00e3o de jovens profissionais que buscam uma coloca\u00e7\u00e3o no mercado de trabalho.\u00a0<\/p>\n\n\n\n<p class=\"has-text-align-center\"><\/p>\n\n\n\n<figure class=\"wp-block-image aligncenter size-full\"><img width=\"719\" height=\"969\" src=\"https:\/\/vimagazine.com.br\/wp-content\/uploads\/2023\/06\/Lara-curso-tec-inform_.jpg\" alt=\"\" class=\"wp-image-9799\" srcset=\"https:\/\/vimagazine.com.br\/wp-content\/uploads\/2023\/06\/Lara-curso-tec-inform_.jpg 719w, https:\/\/vimagazine.com.br\/wp-content\/uploads\/2023\/06\/Lara-curso-tec-inform_-223x300.jpg 223w\" sizes=\"(max-width: 719px) 100vw, 719px\" \/><\/figure>\n\n\n\n<p class=\"has-text-align-center\">A Escola T\u00e9cnica Tupy, em Joinville \u2013 institui\u00e7\u00e3o que integra o ecossistema UniSociesc \u2013 oferece 12 cursos t\u00e9cnicos em diferentes \u00e1reas do conhecimento, aliando tradi\u00e7\u00e3o, qualidade e novos m\u00e9todos de ensino. \u201cN\u00f3s conectamos a forma\u00e7\u00e3o t\u00e9cnica \u00e0 infraestrutura da gradua\u00e7\u00e3o em um campus moderno e tecnol\u00f3gico, potencializando o aprendizado m\u00e3o na massa\u201d, explica o coordenador Jeferson Marcelo da Silva.&nbsp;<\/p>\n\n\n\n<p class=\"has-text-align-center\">Segundo ele, cerca de 90% dos estudantes da ETT conseguem emprego ainda durante o curso \u2013 percentual superior \u00e0 m\u00e9dia nacional. \u201cEnquanto o Brasil estuda formas de aprimorar o ensino m\u00e9dio, o que se faz extremamente necess\u00e1rio, vale lembrar que a forma\u00e7\u00e3o t\u00e9cnica \u00e9 uma excelente op\u00e7\u00e3o para quem deseja incrementar os conhecimentos, melhorar o curr\u00edculo e se destacar no mercado de trabalho\u201d, comenta.&nbsp;<\/p>\n\n\n\n<p class=\"has-text-align-center\"><strong>Vis\u00e3o de futuro&nbsp;<\/strong><\/p>\n\n\n\n<p class=\"has-text-align-center\">Estudante do segundo ano do ensino m\u00e9dio, Lara Beatriz Santos Rosario, 17 anos, decidiu aprimorar sua forma\u00e7\u00e3o no curso t\u00e9cnico em Inform\u00e1tica da ETT.&nbsp;&nbsp;\u201cO mercado de trabalho \u00e9 muito rigoroso e exigente a respeito da forma\u00e7\u00e3o profissional. Percebi que s\u00f3 o ensino m\u00e9dio n\u00e3o me proporcionaria boas oportunidades, ent\u00e3o, escolhi o t\u00e9cnico da ETT pela qualidade do ensino\u201d, explica.&nbsp;<\/p>\n\n\n\n<p class=\"has-text-align-center\">Astride Oliveira Santos, 17 anos, fez a mesma escolha e associou o curso t\u00e9cnico de Enfermagem na ETT com as aulas do Novo Ensino M\u00e9dio. \u201cMinha expectativa \u00e9 iniciar a carreira como t\u00e9cnica enquanto fa\u00e7o a gradua\u00e7\u00e3o. Sempre quis trabalhar na \u00e1rea da Sa\u00fade, uma \u00e1rea ampla e com muitas possibilidades. Vou terminar o ensino m\u00e9dio e o curso t\u00e9cnico praticamente ao mesmo tempo, o que vai me habilitar para ingressar no mercado de trabalho com qualifica\u00e7\u00e3o diferenciada.\u201d\u00a0<\/p>\n\n\n\n<p class=\"has-text-align-center\"><\/p>\n\n\n\n<figure class=\"wp-block-image aligncenter size-full\"><img width=\"719\" height=\"917\" src=\"https:\/\/vimagazine.com.br\/wp-content\/uploads\/2023\/06\/Astride_tec-enfEnferm.jpg\" alt=\"\" class=\"wp-image-9800\" srcset=\"https:\/\/vimagazine.com.br\/wp-content\/uploads\/2023\/06\/Astride_tec-enfEnferm.jpg 719w, https:\/\/vimagazine.com.br\/wp-content\/uploads\/2023\/06\/Astride_tec-enfEnferm-235x300.jpg 235w\" sizes=\"(max-width: 719px) 100vw, 719px\" \/><\/figure>\n\n\n\n<p class=\"has-text-align-center\"><strong>Matr\u00edculas no ensino t\u00e9cnico&nbsp;<\/strong><\/p>\n\n\n\n<p class=\"has-text-align-center\">O n\u00famero de estudantes brasileiros matriculados na educa\u00e7\u00e3o profissional e t\u00e9cnica ainda \u00e9 baixo: cerca de 8% contra 46% na Uni\u00e3o Europeia e 40% nos pa\u00edses que integram a Organiza\u00e7\u00e3o para a Coopera\u00e7\u00e3o e Desenvolvimento Econ\u00f4mico (OCDE). At\u00e9 2024, a meta do governo federal \u00e9 triplicar o n\u00famero de matr\u00edculas no pa\u00eds.&nbsp;<\/p>\n\n\n\n<p class=\"has-text-align-center\">Na Escola T\u00e9cnica Tupy as matr\u00edculas para o segundo semestre j\u00e1 est\u00e3o abertas. A institui\u00e7\u00e3o oferece 12 cursos para quem deseja forma\u00e7\u00e3o de qualidade e oportunidades diferenciadas no mercado de trabalho. As op\u00e7\u00f5es s\u00e3o: Administra\u00e7\u00e3o, Automa\u00e7\u00e3o Industrial, Edifica\u00e7\u00f5es, Eletrot\u00e9cnica, Enfermagem, Farm\u00e1cia, Inform\u00e1tica, Mec\u00e2nica, Metalurgia, Metrologia, Pl\u00e1sticos e Qu\u00edmica. Para fazer a inscri\u00e7\u00e3o, basta acessar&nbsp;<a href=\"https:\/\/www.escolatupy.com.br\/\" target=\"_blank\" rel=\"noreferrer noopener\">https:\/\/www.escolatupy.com.br\/<\/a>&nbsp;<\/p>\n\n\n\n<p class=\"has-text-align-center\"><strong>SOBRE A ETT&nbsp;<\/strong><\/p>\n\n\n\n<p class=\"has-text-align-center\">Fundada em 1959, a Escola T\u00e9cnica Tupy se dedica a formar e a transformar pessoas, desenvolver talentos e compet\u00eancias, preparar profissionais para as inova\u00e7\u00f5es do mercado e potencializar carreiras.&nbsp;<\/p>\n\n\n\n<p class=\"has-text-align-center\">Instalada em Joinville (SC), faz parte da UniSociesc \u2013 institui\u00e7\u00e3o de ensino superior que integra a \u00c2nima Educa\u00e7\u00e3o, um dos maiores ecossistemas educacionais do pa\u00eds \u2013 e oferece aos alunos a infraestrutura do melhor centro universit\u00e1rio do Brasil.&nbsp;<\/p>\n\n\n\n<p class=\"has-text-align-center\">Com certifica\u00e7\u00f5es reconhecidas pelo mercado de trabalho, a ETT mant\u00e9m parcerias com empresas locais para aumentar as oportunidades de est\u00e1gio. No portf\u00f3lio de cursos, oferta op\u00e7\u00f5es em diferentes \u00e1reas do conhecimento.&nbsp;<\/p>\n\n\n\n<p class=\"has-text-align-center\">Considerada uma refer\u00eancia no ensino t\u00e9cnico nacional, a Escola T\u00e9cnica Tupy tem estrutura moderna e bem equipada para pr\u00e1ticas laboratoriais, ambientes maker inovadores e processos educacionais que unem teoria e pr\u00e1tica, estimulando o exerc\u00edcio da lideran\u00e7a e o desenvolvimento de habilidades t\u00e9cnicas e de soft skills necess\u00e1rias ao excelente desempenho profissional.\u00a0<\/p>\n\n\n\n<p class=\"has-text-align-center\"><strong><em>Assessoria de imprensa ETT&nbsp;<\/em><\/strong><\/p>\n\n\n\n<p class=\"has-text-align-center\"><em>Graziela Lindner&nbsp;<\/em><\/p>\n","protected":false},"excerpt":{"rendered":"<p>Com 12 op\u00e7\u00f5es em diferentes \u00e1reas do conhecimento, Escola T\u00e9cnica Tupy abre inscri\u00e7\u00f5es para quem&#8230;<\/p>\n","protected":false},"author":3,"featured_media":9798,"comment_status":"closed","ping_status":"open","sticky":false,"template":"","format":"standard","meta":{"om_disable_all_campaigns":false,"_monsterinsights_skip_tracking":false,"_monsterinsights_sitenote_active":false,"_monsterinsights_sitenote_note":"","_monsterinsights_sitenote_category":0,"spay_email":""},"categories":[1],"tags":[],"jetpack_featured_media_url":"https:\/\/vimagazine.com.br\/wp-content\/uploads\/2023\/06\/ETT.jpeg","_links":{"self":[{"href":"https:\/\/vimagazine.com.br\/index.php?rest_route=\/wp\/v2\/posts\/9797"}],"collection":[{"href":"https:\/\/vimagazine.com.br\/index.php?rest_route=\/wp\/v2\/posts"}],"about":[{"href":"https:\/\/vimagazine.com.br\/index.php?rest_route=\/wp\/v2\/types\/post"}],"author":[{"embeddable":true,"href":"https:\/\/vimagazine.com.br\/index.php?rest_route=\/wp\/v2\/users\/3"}],"replies":[{"embeddable":true,"href":"https:\/\/vimagazine.com.br\/index.php?rest_route=%2Fwp%2Fv2%2Fcomments&post=9797"}],"version-history":[{"count":1,"href":"https:\/\/vimagazine.com.br\/index.php?rest_route=\/wp\/v2\/posts\/9797\/revisions"}],"predecessor-version":[{"id":9801,"href":"https:\/\/vimagazine.com.br\/index.php?rest_route=\/wp\/v2\/posts\/9797\/revisions\/9801"}],"wp:featuredmedia":[{"embeddable":true,"href":"https:\/\/vimagazine.com.br\/index.php?rest_route=\/wp\/v2\/media\/9798"}],"wp:attachment":[{"href":"https:\/\/vimagazine.com.br\/index.php?rest_route=%2Fwp%2Fv2%2Fmedia&parent=9797"}],"wp:term":[{"taxonomy":"category","embeddable":true,"href":"https:\/\/vimagazine.com.br\/index.php?rest_route=%2Fwp%2Fv2%2Fcategories&post=9797"},{"taxonomy":"post_tag","embeddable":true,"href":"https:\/\/vimagazine.com.br\/index.php?rest_route=%2Fwp%2Fv2%2Ftags&post=9797"}],"curies":[{"name":"wp","href":"https:\/\/api.w.org\/{rel}","templated":true}]}}