{"id":9877,"date":"2023-07-07T17:32:43","date_gmt":"2023-07-07T20:32:43","guid":{"rendered":"https:\/\/vimagazine.com.br\/?p=9877"},"modified":"2023-07-07T17:33:49","modified_gmt":"2023-07-07T20:33:49","slug":"acate-e-almeida-junior-promovem-mais-uma-edicao-do-varejo-tech-day","status":"publish","type":"post","link":"https:\/\/vimagazine.com.br\/?p=9877","title":{"rendered":"Acate e Almeida Junior promovem mais uma edi\u00e7\u00e3o do Varejo Tech Day"},"content":{"rendered":"\n<p class=\"has-text-align-center\"><em>Evento no dia 13 apresenta as principais tend\u00eancias de tecnologia para o setor<\/em><\/p>\n\n\n\n<p class=\"has-text-align-center\">Florian\u00f3polis recebe no pr\u00f3ximo dia 13 mais uma edi\u00e7\u00e3o do Varejo Tech Day, evento que apresenta as principais tend\u00eancias de tecnologia para o setor com uma programa\u00e7\u00e3o que inclui palestras e muito networking. <\/p>\n\n\n\n<p class=\"has-text-align-center\">A a\u00e7\u00e3o \u00e9 promovida pela Associa\u00e7\u00e3o Catarinense de Tecnologia (Acate) em parceria com o grupo Almeida Junior, que faz parte da Vertical Varejo da entidade. <\/p>\n\n\n\n<p class=\"has-text-align-center\">Inscri\u00e7\u00f5es podem ser feitas no&nbsp;<a href=\"https:\/\/sc.acate.com.br\/varejotechday\" target=\"_blank\" rel=\"noreferrer noopener\">site do evento<\/a>.<\/p>\n\n\n\n<p class=\"has-text-align-center\">Nesta edi\u00e7\u00e3o, o Varejo Tech Day apresenta conhecimentos e promove conex\u00f5es durante todo o dia. Pela manh\u00e3, a Tech Trail se destina a CIO, CTO e diretores de TI com discuss\u00f5es para quem impulsiona o varejo por meio de solu\u00e7\u00f5es tecnol\u00f3gicas. <\/p>\n\n\n\n<p class=\"has-text-align-center\">\u00c0 tarde, o Matchmaking re\u00fane startups, fundos e varejistas para estimular a realiza\u00e7\u00e3o de neg\u00f3cios. O encerramento na plen\u00e1ria durante \u00e0 noite \u00e9 voltado para quem busca inova\u00e7\u00e3o e quer se atualizar nas principais tend\u00eancias do setor.<\/p>\n\n\n\n<p class=\"has-text-align-center\">&#8220;A inova\u00e7\u00e3o \u00e9 um dos ativos mais valiosos da Almeida Junior. Promover e participar de eventos como o Varejo Tech Day \u00e9 uma oportunidade de aprimorar conhecimentos e compartilhar experi\u00eancias com quem pensa o presente e o futuro do varejo&#8221;, afirma o diretor de Marketing e Relacionamento da Almeida Junior, Rafael Fiedler.<\/p>\n\n\n\n<p class=\"has-text-align-center\"> A companhia faz parte da Vertical Varejo da Acate, constitu\u00edda em 2019 para aproximar lojistas, startups e grandes empresas de tecnologia para acelerar a digitaliza\u00e7\u00e3o do setor, unindo o varejo com empresas de tecnologia e abrindo novas oportunidades de mercado.<\/p>\n\n\n\n<p class=\"has-text-align-center\">Para esta edi\u00e7\u00e3o, a companhia Almeida Junior \u00e9 uma das 15 enterprises e fundos de Investimento que v\u00e3o ter a oportunidade de expor suas marcas e se conectarem ao ecossistema de startups da vertical Varejo, gerando oportunidades de investimento, parceria e inova\u00e7\u00e3o, em um encontro exclusivo.<\/p>\n\n\n\n<p class=\"has-text-align-center\">Para comentar sobre tend\u00eancias e estrat\u00e9gias estar\u00e3o no evento l\u00edderes do mercado, com representantes da Stone, Grupo Botic\u00e1rio, Raia, Drograsil, Z\u00e9 Delivery, Grupo Pereira, Snow Flake, Zanthus e outros. A multinacional italiana Zucchetti \u00e9 um dos destaques da edi\u00e7\u00e3o, com participa\u00e7\u00e3o do diretor de Varejo, Wagner Muller. Ele falar\u00e1 sobre a atua\u00e7\u00e3o da gigante, especializada em softwares de gest\u00e3o, no mercado brasileiro.<\/p>\n\n\n\n<figure class=\"wp-block-image\"><img alt=\"\" \/><\/figure>\n\n\n\n<p class=\"has-text-align-center\"><strong>Servi\u00e7o<\/strong><\/p>\n\n\n\n<p class=\"has-text-align-center\">O qu\u00ea: Varejo Tech Day<\/p>\n\n\n\n<p class=\"has-text-align-center\">Quando: 13 de julho, a partir das 9h<\/p>\n\n\n\n<p class=\"has-text-align-center\">Onde: CIA Primavera, em Florian\u00f3polis<\/p>\n\n\n\n<p class=\"has-text-align-center\">Inscri\u00e7\u00f5es:&nbsp;<a href=\"https:\/\/sc.acate.com.br\/varejotechday\" target=\"_blank\" rel=\"noreferrer noopener\">https:\/\/sc.acate.com.br\/varejotechday<\/a>&nbsp;&nbsp;<\/p>\n\n\n\n<p class=\"has-text-align-center\"><strong>Gabriele Abatti<\/strong><\/p>\n\n\n\n<p class=\"has-text-align-center\"><strong>Atendimento Garten Shopping<\/strong><\/p>\n\n\n\n<p class=\"has-text-align-center\"><strong>Primeira Via Comunica\u00e7\u00e3o Integrada<\/strong><\/p>\n\n\n\n<p class=\"has-text-align-center\"><strong>+55 47 99952-2955<\/strong><\/p>\n\n\n\n<p class=\"has-text-align-center\"><strong><a href=\"mailto:gabriele@1via.com.br\" target=\"_blank\" rel=\"noreferrer noopener\">gabriele@1via.com.br<\/a><\/strong><\/p>\n\n\n\n<p><a href=\"https:\/\/www.linkedin.com\/company\/primeiravia\/\" target=\"_blank\" rel=\"noreferrer noopener\"><\/a>&nbsp;<a href=\"https:\/\/www.facebook.com\/primeiravia\/\" target=\"_blank\" rel=\"noreferrer noopener\"><\/a>&nbsp;<a href=\"https:\/\/www.instagram.com\/primeiravia\" target=\"_blank\" rel=\"noreferrer noopener\"><\/a><\/p>\n","protected":false},"excerpt":{"rendered":"<p>Evento no dia 13 apresenta as principais tend\u00eancias de tecnologia para o setor Florian\u00f3polis recebe&#8230;<\/p>\n","protected":false},"author":3,"featured_media":9878,"comment_status":"closed","ping_status":"open","sticky":false,"template":"","format":"standard","meta":{"om_disable_all_campaigns":false,"_monsterinsights_skip_tracking":false,"_monsterinsights_sitenote_active":false,"_monsterinsights_sitenote_note":"","_monsterinsights_sitenote_category":0,"spay_email":""},"categories":[1],"tags":[],"jetpack_featured_media_url":"https:\/\/vimagazine.com.br\/wp-content\/uploads\/2023\/07\/Varejo-Tech-Day.jpeg","_links":{"self":[{"href":"https:\/\/vimagazine.com.br\/index.php?rest_route=\/wp\/v2\/posts\/9877"}],"collection":[{"href":"https:\/\/vimagazine.com.br\/index.php?rest_route=\/wp\/v2\/posts"}],"about":[{"href":"https:\/\/vimagazine.com.br\/index.php?rest_route=\/wp\/v2\/types\/post"}],"author":[{"embeddable":true,"href":"https:\/\/vimagazine.com.br\/index.php?rest_route=\/wp\/v2\/users\/3"}],"replies":[{"embeddable":true,"href":"https:\/\/vimagazine.com.br\/index.php?rest_route=%2Fwp%2Fv2%2Fcomments&post=9877"}],"version-history":[{"count":2,"href":"https:\/\/vimagazine.com.br\/index.php?rest_route=\/wp\/v2\/posts\/9877\/revisions"}],"predecessor-version":[{"id":9880,"href":"https:\/\/vimagazine.com.br\/index.php?rest_route=\/wp\/v2\/posts\/9877\/revisions\/9880"}],"wp:featuredmedia":[{"embeddable":true,"href":"https:\/\/vimagazine.com.br\/index.php?rest_route=\/wp\/v2\/media\/9878"}],"wp:attachment":[{"href":"https:\/\/vimagazine.com.br\/index.php?rest_route=%2Fwp%2Fv2%2Fmedia&parent=9877"}],"wp:term":[{"taxonomy":"category","embeddable":true,"href":"https:\/\/vimagazine.com.br\/index.php?rest_route=%2Fwp%2Fv2%2Fcategories&post=9877"},{"taxonomy":"post_tag","embeddable":true,"href":"https:\/\/vimagazine.com.br\/index.php?rest_route=%2Fwp%2Fv2%2Ftags&post=9877"}],"curies":[{"name":"wp","href":"https:\/\/api.w.org\/{rel}","templated":true}]}}