{"id":9883,"date":"2023-07-09T10:13:58","date_gmt":"2023-07-09T13:13:58","guid":{"rendered":"https:\/\/vimagazine.com.br\/?p=9883"},"modified":"2023-07-09T10:15:55","modified_gmt":"2023-07-09T13:15:55","slug":"alan-victor-marca-presenca-na-56a-edicao-da-festa-de-parintins","status":"publish","type":"post","link":"https:\/\/vimagazine.com.br\/?p=9883","title":{"rendered":"Alan Victor marca presen\u00e7a na 56\u00aa edic\u00e3o da Festa de Parintins"},"content":{"rendered":"\n<p class=\"has-text-align-center\">O Rela\u00e7\u00f5es P\u00fablicas e influencer Alan Victor recebeu convite para participar da 56\u00aa edi\u00e7\u00e3o da Festa de Parintins. <\/p>\n\n\n\n<p class=\"has-text-align-center\">O Festival Folcl\u00f3rico \u00e9 um evento que acontece anualmente na \u00faltima semana do m\u00eas de junho, na Ilha de Parintins, no estado do Amazonas. <\/p>\n\n\n\n<p class=\"has-text-align-center\"><strong>Alan marcou presen\u00e7a no evento ao lado de algumas celebridades como o ator Ailton Gra\u00e7a, Fred Nic\u00e1cio, Vyni, Thelma Assis, entre outros.<\/strong><\/p>\n\n\n\n<figure class=\"wp-block-image size-large\"><img width=\"768\" height=\"1024\" src=\"https:\/\/vimagazine.com.br\/wp-content\/uploads\/2023\/07\/Fred-Nicacio-Alan-Victor-e-Ailton-Grac\u0327a-1-768x1024.jpg\" alt=\"\" class=\"wp-image-9885\" srcset=\"https:\/\/vimagazine.com.br\/wp-content\/uploads\/2023\/07\/Fred-Nicacio-Alan-Victor-e-Ailton-Grac\u0327a-1-768x1024.jpg 768w, https:\/\/vimagazine.com.br\/wp-content\/uploads\/2023\/07\/Fred-Nicacio-Alan-Victor-e-Ailton-Grac\u0327a-1-225x300.jpg 225w, https:\/\/vimagazine.com.br\/wp-content\/uploads\/2023\/07\/Fred-Nicacio-Alan-Victor-e-Ailton-Grac\u0327a-1-1152x1536.jpg 1152w, https:\/\/vimagazine.com.br\/wp-content\/uploads\/2023\/07\/Fred-Nicacio-Alan-Victor-e-Ailton-Grac\u0327a-1-1024x1365.jpg 1024w, https:\/\/vimagazine.com.br\/wp-content\/uploads\/2023\/07\/Fred-Nicacio-Alan-Victor-e-Ailton-Grac\u0327a-1.jpg 1500w\" sizes=\"(max-width: 768px) 100vw, 768px\" \/><\/figure>\n\n\n\n<p class=\"has-text-align-center\">&#8220;Sou apaixonado pela cultura brasileira! Por j\u00e1 trabalhar no Carnaval do Rio, sempre tive vontade de conhecer o Festival de Parintins.<\/p>\n\n\n\n<p class=\"has-text-align-center\"><strong> Fui muito bem recebido pela equipe da Empresa Estadual de Turismo (Amazonastur). <\/strong><\/p>\n\n\n\n<p class=\"has-text-align-center\">Est\u00e1 sendo incr\u00edvel poder aproveitar o m\u00e1ximo as experi\u00eancias da regi\u00e3o, al\u00e9m de conhecer os rituais das etnias ind\u00edgenas, e da cultura popular amazonense. Uma emo\u00e7\u00e3o \u00fanica, que todos precisam vivenciar&#8221;, ressalta Alan Victor.<\/p>\n\n\n\n<p class=\"has-text-align-center\"><strong>Fonte:<\/strong> <strong>Alex Ferraz<\/strong><\/p>\n\n\n\n<p class=\"has-text-align-center\"><strong>Diretor Executivo &#8211; Ferraz Comunica\u00e7\u00e3o<\/strong><\/p>\n\n\n\n<figure class=\"wp-block-image size-large is-resized\"><img src=\"https:\/\/vimagazine.com.br\/wp-content\/uploads\/2023\/07\/FOTO-TACIO-MELO-AMAZONASTUR-FAMOSOS-NA-ILHA-23-1024x683.jpg\" alt=\"\" class=\"wp-image-9886\" width=\"840\" height=\"560\" srcset=\"https:\/\/vimagazine.com.br\/wp-content\/uploads\/2023\/07\/FOTO-TACIO-MELO-AMAZONASTUR-FAMOSOS-NA-ILHA-23-1024x683.jpg 1024w, https:\/\/vimagazine.com.br\/wp-content\/uploads\/2023\/07\/FOTO-TACIO-MELO-AMAZONASTUR-FAMOSOS-NA-ILHA-23-300x200.jpg 300w, https:\/\/vimagazine.com.br\/wp-content\/uploads\/2023\/07\/FOTO-TACIO-MELO-AMAZONASTUR-FAMOSOS-NA-ILHA-23-768x512.jpg 768w, https:\/\/vimagazine.com.br\/wp-content\/uploads\/2023\/07\/FOTO-TACIO-MELO-AMAZONASTUR-FAMOSOS-NA-ILHA-23.jpg 1200w\" sizes=\"(max-width: 840px) 100vw, 840px\" \/><\/figure>\n\n\n\n<figure class=\"wp-block-image size-large\"><img width=\"725\" height=\"1024\" src=\"https:\/\/vimagazine.com.br\/wp-content\/uploads\/2023\/07\/RP-Alan-Victor-725x1024.jpg\" alt=\"\" class=\"wp-image-9887\" srcset=\"https:\/\/vimagazine.com.br\/wp-content\/uploads\/2023\/07\/RP-Alan-Victor-725x1024.jpg 725w, https:\/\/vimagazine.com.br\/wp-content\/uploads\/2023\/07\/RP-Alan-Victor-212x300.jpg 212w, https:\/\/vimagazine.com.br\/wp-content\/uploads\/2023\/07\/RP-Alan-Victor-768x1085.jpg 768w, https:\/\/vimagazine.com.br\/wp-content\/uploads\/2023\/07\/RP-Alan-Victor-1087x1536.jpg 1087w, https:\/\/vimagazine.com.br\/wp-content\/uploads\/2023\/07\/RP-Alan-Victor-1024x1447.jpg 1024w, https:\/\/vimagazine.com.br\/wp-content\/uploads\/2023\/07\/RP-Alan-Victor.jpg 1359w\" sizes=\"(max-width: 725px) 100vw, 725px\" \/><\/figure>\n","protected":false},"excerpt":{"rendered":"<p>O Rela\u00e7\u00f5es P\u00fablicas e influencer Alan Victor recebeu convite para participar da 56\u00aa edi\u00e7\u00e3o da&#8230;<\/p>\n","protected":false},"author":3,"featured_media":9884,"comment_status":"closed","ping_status":"open","sticky":false,"template":"","format":"standard","meta":{"om_disable_all_campaigns":false,"_monsterinsights_skip_tracking":false,"_monsterinsights_sitenote_active":false,"_monsterinsights_sitenote_note":"","_monsterinsights_sitenote_category":0,"spay_email":""},"categories":[1],"tags":[],"jetpack_featured_media_url":"https:\/\/vimagazine.com.br\/wp-content\/uploads\/2023\/07\/Alan-Victor.jpg","_links":{"self":[{"href":"https:\/\/vimagazine.com.br\/index.php?rest_route=\/wp\/v2\/posts\/9883"}],"collection":[{"href":"https:\/\/vimagazine.com.br\/index.php?rest_route=\/wp\/v2\/posts"}],"about":[{"href":"https:\/\/vimagazine.com.br\/index.php?rest_route=\/wp\/v2\/types\/post"}],"author":[{"embeddable":true,"href":"https:\/\/vimagazine.com.br\/index.php?rest_route=\/wp\/v2\/users\/3"}],"replies":[{"embeddable":true,"href":"https:\/\/vimagazine.com.br\/index.php?rest_route=%2Fwp%2Fv2%2Fcomments&post=9883"}],"version-history":[{"count":2,"href":"https:\/\/vimagazine.com.br\/index.php?rest_route=\/wp\/v2\/posts\/9883\/revisions"}],"predecessor-version":[{"id":9889,"href":"https:\/\/vimagazine.com.br\/index.php?rest_route=\/wp\/v2\/posts\/9883\/revisions\/9889"}],"wp:featuredmedia":[{"embeddable":true,"href":"https:\/\/vimagazine.com.br\/index.php?rest_route=\/wp\/v2\/media\/9884"}],"wp:attachment":[{"href":"https:\/\/vimagazine.com.br\/index.php?rest_route=%2Fwp%2Fv2%2Fmedia&parent=9883"}],"wp:term":[{"taxonomy":"category","embeddable":true,"href":"https:\/\/vimagazine.com.br\/index.php?rest_route=%2Fwp%2Fv2%2Fcategories&post=9883"},{"taxonomy":"post_tag","embeddable":true,"href":"https:\/\/vimagazine.com.br\/index.php?rest_route=%2Fwp%2Fv2%2Ftags&post=9883"}],"curies":[{"name":"wp","href":"https:\/\/api.w.org\/{rel}","templated":true}]}}