{"id":9896,"date":"2023-07-11T16:31:47","date_gmt":"2023-07-11T19:31:47","guid":{"rendered":"https:\/\/vimagazine.com.br\/?p=9896"},"modified":"2023-07-11T16:31:48","modified_gmt":"2023-07-11T19:31:48","slug":"ferias-do-shopping-catuai-tem-oficinas-de-gesso-e-chaveiro-contacao-de-historias-e-pintura-facial-para-garotada","status":"publish","type":"post","link":"https:\/\/vimagazine.com.br\/?p=9896","title":{"rendered":"F\u00e9rias do Shopping Catua\u00ed t\u00eam oficinas de gesso e chaveiro, conta\u00e7\u00e3o de hist\u00f3rias e pintura facial para garotada"},"content":{"rendered":"\n<p class=\"has-text-align-center\"><em><strong>Atividades s\u00e3o gratuitas e as inscri\u00e7\u00f5es devem ser feitas antecipadamente no local, em frente \u00e0 Pernambucanas<\/strong><\/em><\/p>\n\n\n\n<p class=\"has-text-align-center\">Ap\u00f3s o sucesso de participantes no in\u00edcio do ano e pedidos dos pais para repetir a iniciativa, o Catua\u00ed Maring\u00e1 retorna com as Oficinas de F\u00e9rias no shopping. <\/p>\n\n\n\n<p class=\"has-text-align-center\">At\u00e9 o dia 23 de julho, crian\u00e7as e adolescentes podem aproveitar a temporada de f\u00e9rias escolares para aprender a confeccionar um chaveiro, colorir mini esculturas de gesso, desenvolver habilidades motoras de forma l\u00fadica, entre outras brincadeiras atrativas.\u00a0<\/p>\n\n\n\n<p class=\"has-text-align-center\">Diariamente, as crian\u00e7as podem usufruir do espa\u00e7o das Oficinas de F\u00e9rias para brincar e colorir, enquanto os adultos respons\u00e1veis visitam as lojas.<\/p>\n\n\n\n<p class=\"has-text-align-center\"> <strong>O hor\u00e1rio de funcionamento \u00e9 das 10h \u00e0s 22h.<\/strong><\/p>\n\n\n\n<p class=\"has-text-align-center\">Aos finais de semana, de sexta a domingo, tem programa\u00e7\u00e3o especial das\u00a0 14h \u00e0s 18h. Ser\u00e3o duas atividades: oficinas de chaveiros e de gesso. <\/p>\n\n\n\n<p class=\"has-text-align-center\">A oficina de chaveiros permite que a crian\u00e7a personalize o seu pr\u00f3prio chaveiro, desde o modelo at\u00e9 a colora\u00e7\u00e3o, e leve para casa de recorda\u00e7\u00e3o. <\/p>\n\n\n\n<p class=\"has-text-align-center\"><strong>Na oficina de gesso, o participante vai usar a criatividade para pintar uma escultura de gesso.\u00a0<\/strong><\/p>\n\n\n\n<p class=\"has-text-align-center\">Tamb\u00e9m aos finais de semana acontece a conta\u00e7\u00e3o de hist\u00f3rias com fantoches, sess\u00f5es de pintura facial com profissionais e escultura de bal\u00f5es. <\/p>\n\n\n\n<p class=\"has-text-align-center\">Simultaneamente, no Parque Trilha da Mata, localizado na \u00e1rea externa do shopping, ser\u00e3o distribu\u00eddos pipoca e algod\u00e3o doce para as crian\u00e7as.\u00a0<\/p>\n\n\n\n<p class=\"has-text-align-center\"><strong>Todas as atividades s\u00e3o gratuitas e s\u00e3o acompanhadas por monitores. <\/strong><\/p>\n\n\n\n<p class=\"has-text-align-center\">A classifica\u00e7\u00e3o indicativa da Oficina de F\u00e9rias \u00e9 de 3 a 12 anos de idade, e a inscri\u00e7\u00e3o para participar das oficinas deve ser feita antecipadamente no espa\u00e7o reservado para as atra\u00e7\u00f5es, localizado no corredor em frente \u00e0 Pernambucanas.<\/p>\n\n\n\n<p class=\"has-text-align-center\"><strong>OFICINAS DE F\u00c9RIAS<\/strong><\/p>\n\n\n\n<p class=\"has-text-align-center\"><strong>Data:<\/strong>&nbsp;at\u00e9 23 de julho<\/p>\n\n\n\n<p class=\"has-text-align-center\"><strong>Local:&nbsp;<\/strong>Catua\u00ed Shopping Maring\u00e1 &#8211; corredor, em frente \u00e0 Pernambucanas<\/p>\n\n\n\n<p class=\"has-text-align-center\"><strong>Hor\u00e1rios:&nbsp;<\/strong><\/p>\n\n\n\n<p class=\"has-text-align-center\">Segunda a quinta-feira, 10h \u00e0s 22h (espa\u00e7o para colorir)<\/p>\n\n\n\n<p class=\"has-text-align-center\">Sexta-feira a domingo, 10h \u00e0s 14h (espa\u00e7o para colorir), 14h \u00e0s 18h (oficinas e conta\u00e7\u00e3o de hist\u00f3rias), 18h \u00e0s 22h (pintura facial e escultura de bal\u00f5es)<\/p>\n\n\n\n<p class=\"has-text-align-center\">Inscri\u00e7\u00e3o gratuita.<\/p>\n\n\n\n<p class=\"has-text-align-center\"><em>Catua\u00ed Shopping Maring\u00e1<\/em><\/p>\n\n\n\n<p class=\"has-text-align-center\"><em>Av. Colombo, 9161.<\/em><\/p>\n\n\n\n<p class=\"has-text-align-center\">Fonte: Elton Telles<\/p>\n","protected":false},"excerpt":{"rendered":"<p>Atividades s\u00e3o gratuitas e as inscri\u00e7\u00f5es devem ser feitas antecipadamente no local, em frente \u00e0&#8230;<\/p>\n","protected":false},"author":3,"featured_media":9897,"comment_status":"closed","ping_status":"open","sticky":false,"template":"","format":"standard","meta":{"om_disable_all_campaigns":false,"_monsterinsights_skip_tracking":false,"_monsterinsights_sitenote_active":false,"_monsterinsights_sitenote_note":"","_monsterinsights_sitenote_category":0,"spay_email":""},"categories":[1],"tags":[],"jetpack_featured_media_url":"https:\/\/vimagazine.com.br\/wp-content\/uploads\/2023\/07\/oficina_de_ferias_catuai-e1689103733823.jpeg","_links":{"self":[{"href":"https:\/\/vimagazine.com.br\/index.php?rest_route=\/wp\/v2\/posts\/9896"}],"collection":[{"href":"https:\/\/vimagazine.com.br\/index.php?rest_route=\/wp\/v2\/posts"}],"about":[{"href":"https:\/\/vimagazine.com.br\/index.php?rest_route=\/wp\/v2\/types\/post"}],"author":[{"embeddable":true,"href":"https:\/\/vimagazine.com.br\/index.php?rest_route=\/wp\/v2\/users\/3"}],"replies":[{"embeddable":true,"href":"https:\/\/vimagazine.com.br\/index.php?rest_route=%2Fwp%2Fv2%2Fcomments&post=9896"}],"version-history":[{"count":1,"href":"https:\/\/vimagazine.com.br\/index.php?rest_route=\/wp\/v2\/posts\/9896\/revisions"}],"predecessor-version":[{"id":9898,"href":"https:\/\/vimagazine.com.br\/index.php?rest_route=\/wp\/v2\/posts\/9896\/revisions\/9898"}],"wp:featuredmedia":[{"embeddable":true,"href":"https:\/\/vimagazine.com.br\/index.php?rest_route=\/wp\/v2\/media\/9897"}],"wp:attachment":[{"href":"https:\/\/vimagazine.com.br\/index.php?rest_route=%2Fwp%2Fv2%2Fmedia&parent=9896"}],"wp:term":[{"taxonomy":"category","embeddable":true,"href":"https:\/\/vimagazine.com.br\/index.php?rest_route=%2Fwp%2Fv2%2Fcategories&post=9896"},{"taxonomy":"post_tag","embeddable":true,"href":"https:\/\/vimagazine.com.br\/index.php?rest_route=%2Fwp%2Fv2%2Ftags&post=9896"}],"curies":[{"name":"wp","href":"https:\/\/api.w.org\/{rel}","templated":true}]}}