{"id":9923,"date":"2023-07-15T10:47:58","date_gmt":"2023-07-15T13:47:58","guid":{"rendered":"https:\/\/vimagazine.com.br\/?p=9923"},"modified":"2023-07-15T10:49:15","modified_gmt":"2023-07-15T13:49:15","slug":"catarinense-fica-com-setima-colocacao-no-mundial-de-atletismo-paralimpico","status":"publish","type":"post","link":"https:\/\/vimagazine.com.br\/?p=9923","title":{"rendered":"Catarinense fica com s\u00e9tima coloca\u00e7\u00e3o no Mundial de Atletismo Paral\u00edmpico"},"content":{"rendered":"\n<p class=\"has-text-align-center\"><strong>Edenilson Floriani volta a competir em Paris na pr\u00f3xima segunda-feira, no arremesso de peso<\/strong><\/p>\n\n\n\n<p class=\"has-text-align-center\">O catarinense Edenilson Floriani, atleta do Time UniSociesc, ficou com a s\u00e9tima posi\u00e7\u00e3o na disputa do lan\u00e7amento de dardo do Mundial de Atletismo Paral\u00edmpico, disputado em Paris, na Fran\u00e7a. Edenilson competiu na classe F64 (com defici\u00eancia nos membros inferiores) e alcan\u00e7ou a marca de 58m63cm. O vencedor da prova foi o indiano Sumit Antil que, inclusive, alcan\u00e7ou o recorde mundial ao conquistar 70m83cm.<\/p>\n\n\n\n<p class=\"has-text-align-center\">O estudante de Educa\u00e7\u00e3o F\u00edsica da UniSociesc permanece na capital francesa para a disputa de outra modalidade, o arremesso de peso, que ocorre na pr\u00f3xima segunda-feira. Recentemente, ele alcan\u00e7ou o recorde das Am\u00e9ricas no arremesso de peso com a marca de 14m26cm.<\/p>\n\n\n\n<p class=\"has-text-align-center\">O joinvilense \u00e9 um dos 54 convocados pela Confedera\u00e7\u00e3o Brasileira de Atletismo (CBAt). O atleta tamb\u00e9m representa, treina e recebe suporte profissional do Centro Esportivo para Pessoas Especiais (CEPE) e integra o Time UniSociesc, com apoio da Secretaria de Esporte de Joinville (Sesporte).<\/p>\n\n\n\n<p class=\"has-text-align-center\">Edenilson faz parte do Programa Bolsa-Atleta. O Bolsa-Atleta \u00e9 o programa de incentivo ao estudo concedido pela UniSociesc a atletas participantes de competi\u00e7\u00e3o promovida por alguma associa\u00e7\u00e3o, confedera\u00e7\u00e3o e\/ou federa\u00e7\u00e3o esportiva.<\/p>\n\n\n\n<p><\/p>\n\n\n\n<figure class=\"wp-block-image aligncenter size-full\"><img width=\"1000\" height=\"710\" src=\"https:\/\/vimagazine.com.br\/wp-content\/uploads\/2023\/07\/unnamed-2.jpg\" alt=\"\" class=\"wp-image-9927\" srcset=\"https:\/\/vimagazine.com.br\/wp-content\/uploads\/2023\/07\/unnamed-2.jpg 1000w, https:\/\/vimagazine.com.br\/wp-content\/uploads\/2023\/07\/unnamed-2-300x213.jpg 300w, https:\/\/vimagazine.com.br\/wp-content\/uploads\/2023\/07\/unnamed-2-768x545.jpg 768w\" sizes=\"(max-width: 1000px) 100vw, 1000px\" \/><figcaption>13.07.23  &#8211; Lancamento de dardo F64 &#8211;  Edenilson Roberto no Campeonato Mundial de Atletismo de Paris, no Est\u00e1dio Sebastian Charlety. Foto: Alessandra Cabral\/CPB.<\/figcaption><\/figure>\n\n\n\n<p class=\"has-text-align-center\"><strong>Cr\u00e9dito das fotos<br>Alessandra Cabral\/CPB<\/strong><\/p>\n\n\n\n<p class=\"has-text-align-center\"><strong>Sobre a UniSociesc<\/strong><br>Com voca\u00e7\u00e3o para inova\u00e7\u00e3o, ambientes maker, coworkings e espa\u00e7os que estimulam a troca de conhecimentos e experi\u00eancias, a UniSociesc \u00e9 reconhecida pelo MEC como a melhor institui\u00e7\u00e3o privada de ensino superior de Santa Catarina. Integrante do maior e mais inovador ecossistema de qualidade do Brasil, o Ecossistema \u00c2nima, h\u00e1 mais de 60 anos dedica-se a formar profissionais e transformar pessoas, desenvolvendo compet\u00eancias, talentos e carreiras.<\/p>\n\n\n\n<p><\/p>\n\n\n\n<p class=\"has-text-align-center\"><br>Com unidades acad\u00eamicas nas cidades de Blumenau, Jaragu\u00e1 do Sul, Joinville (duas unidades) e S\u00e3o Bento do Sul, conta com ampla diversidade de cursos, s\u00e3o mais de 70 op\u00e7\u00f5es em seu portf\u00f3lio, e uma estrutura de laborat\u00f3rios diferenciada, sendo os mais completos e modernos entre as institui\u00e7\u00f5es de ensino da regi\u00e3o. A UniSociesc tamb\u00e9m contribui para democratiza\u00e7\u00e3o do Ensino Superior ao disponibilizar uma oferta de cursos digitais com diversos polos dentro e fora do Estado de Santa Catarina.<\/p>\n\n\n\n<p><\/p>\n\n\n\n<p class=\"has-text-align-center\">Relacionamento com a imprensa UniSociesc &#8211; www.unisociesc.com.br<br>Mem Comunica\u00e7\u00e3o &#8211; www.memcomunicacao.com.br<br>Genara Rigotti \u2013 (47) 9 9102-5223 &#8211; redacao03memcomunicacao@gmail.com<br>Marlise Groth Mem &#8211; (41) 9 9908-0511 \u2013 marliseassessoria@gmail.com<br>Jo\u00e3o Al\u00e9cio Mem \u2013 (41) 9 9124-9748 \u2013 joaoalecioassessoria@gmail.com<br>Graziela Lindner \u2013 (47) 9 9176-0080 &#8211; grazielalindner@gmail.com<br>Jornalismo\/ Assessoria de Imprensa \/ Consultoria em Comunica\u00e7\u00e3o e Eventos<br>@mem_e_mem_agencia_de_noticias<\/p>\n\n\n\n<p class=\"has-text-align-center\"><\/p>\n\n\n\n<figure class=\"wp-block-table\"><table><tbody><tr><td><\/td><\/tr><\/tbody><\/table><\/figure>\n\n\n\n<figure class=\"wp-block-table\"><table><tbody><tr><td><\/td><\/tr><\/tbody><\/table><\/figure>\n","protected":false},"excerpt":{"rendered":"<p>Edenilson Floriani volta a competir em Paris na pr\u00f3xima segunda-feira, no arremesso de peso O&#8230;<\/p>\n","protected":false},"author":3,"featured_media":9924,"comment_status":"closed","ping_status":"open","sticky":false,"template":"","format":"standard","meta":{"om_disable_all_campaigns":false,"_monsterinsights_skip_tracking":false,"_monsterinsights_sitenote_active":false,"_monsterinsights_sitenote_note":"","_monsterinsights_sitenote_category":0,"spay_email":""},"categories":[1],"tags":[],"jetpack_featured_media_url":"https:\/\/vimagazine.com.br\/wp-content\/uploads\/2023\/07\/unnamed.jpg","_links":{"self":[{"href":"https:\/\/vimagazine.com.br\/index.php?rest_route=\/wp\/v2\/posts\/9923"}],"collection":[{"href":"https:\/\/vimagazine.com.br\/index.php?rest_route=\/wp\/v2\/posts"}],"about":[{"href":"https:\/\/vimagazine.com.br\/index.php?rest_route=\/wp\/v2\/types\/post"}],"author":[{"embeddable":true,"href":"https:\/\/vimagazine.com.br\/index.php?rest_route=\/wp\/v2\/users\/3"}],"replies":[{"embeddable":true,"href":"https:\/\/vimagazine.com.br\/index.php?rest_route=%2Fwp%2Fv2%2Fcomments&post=9923"}],"version-history":[{"count":2,"href":"https:\/\/vimagazine.com.br\/index.php?rest_route=\/wp\/v2\/posts\/9923\/revisions"}],"predecessor-version":[{"id":9928,"href":"https:\/\/vimagazine.com.br\/index.php?rest_route=\/wp\/v2\/posts\/9923\/revisions\/9928"}],"wp:featuredmedia":[{"embeddable":true,"href":"https:\/\/vimagazine.com.br\/index.php?rest_route=\/wp\/v2\/media\/9924"}],"wp:attachment":[{"href":"https:\/\/vimagazine.com.br\/index.php?rest_route=%2Fwp%2Fv2%2Fmedia&parent=9923"}],"wp:term":[{"taxonomy":"category","embeddable":true,"href":"https:\/\/vimagazine.com.br\/index.php?rest_route=%2Fwp%2Fv2%2Fcategories&post=9923"},{"taxonomy":"post_tag","embeddable":true,"href":"https:\/\/vimagazine.com.br\/index.php?rest_route=%2Fwp%2Fv2%2Ftags&post=9923"}],"curies":[{"name":"wp","href":"https:\/\/api.w.org\/{rel}","templated":true}]}}