{"id":9936,"date":"2023-07-15T13:26:47","date_gmt":"2023-07-15T16:26:47","guid":{"rendered":"https:\/\/vimagazine.com.br\/?p=9936"},"modified":"2023-07-15T13:26:52","modified_gmt":"2023-07-15T16:26:52","slug":"cine-manas-apresenta-minha-historia-e-outra-e-o-dia-de-jerusa","status":"publish","type":"post","link":"https:\/\/vimagazine.com.br\/?p=9936","title":{"rendered":"Cine &amp; Manas apresenta &#8216;Minha Hist\u00f3ria \u00e9 Outra&#8217; e &#8216;O Dia de Jerusa&#8217;"},"content":{"rendered":"\n<p class=\"has-text-align-center\">Cine &amp; Manas apresenta &#8216;Minha Hist\u00f3ria \u00e9 Outra&#8217; e &#8216;O Dia de Jerusa&#8217;, dando&nbsp;continuidade ao circuito de exibi\u00e7\u00f5es na Zona Oeste, celeiro de muitos projetos culturais e educacionais<br>O projeto, de car\u00e1ter itinerante, traz questionamentos importantes em filmes dirigidos por Mariana Campos e Viviane Ferreira, no dia 20\/7, Casa Bosque, Campo Grande<\/p>\n\n\n\n<p class=\"has-text-align-center\">No m\u00eas da Mulher Negra e Latino Americana,\u00a0 o Cine &amp; Manas d\u00e1 continuidade ao seu projeto itinerante, com a exibi\u00e7\u00e3o dos filmes &#8220;Minha Hist\u00f3ria \u00e9 Outra&#8217;, com dire\u00e7\u00e3o de Mariana Campos, e &#8220;O Dia de Jerusa&#8221;, de Viviane Ferreira, no dia 20\/7 (quinta), a partir das 18h, na Casa Bosque, em Campo Grande\/RJ, gratuitamente.\u00a0<\/p>\n\n\n\n<p class=\"has-text-align-center\"><br><\/p>\n\n\n\n<figure class=\"wp-block-image size-large\"><img width=\"1024\" height=\"683\" src=\"https:\/\/vimagazine.com.br\/wp-content\/uploads\/2023\/07\/627-O-Dia-de-Jerusa-1024x683.jpg\" alt=\"\" class=\"wp-image-9938\" srcset=\"https:\/\/vimagazine.com.br\/wp-content\/uploads\/2023\/07\/627-O-Dia-de-Jerusa-1024x683.jpg 1024w, https:\/\/vimagazine.com.br\/wp-content\/uploads\/2023\/07\/627-O-Dia-de-Jerusa-300x200.jpg 300w, https:\/\/vimagazine.com.br\/wp-content\/uploads\/2023\/07\/627-O-Dia-de-Jerusa-768x512.jpg 768w, https:\/\/vimagazine.com.br\/wp-content\/uploads\/2023\/07\/627-O-Dia-de-Jerusa.jpg 1170w\" sizes=\"(max-width: 1024px) 100vw, 1024px\" \/><\/figure>\n\n\n\n<p class=\"has-text-align-center\">O curta &#8220;Minha Hist\u00f3ria \u00e9 Outra&#8221;, que mescla fic\u00e7\u00e3o e document\u00e1rio, apresenta hist\u00f3rias de afeto entre mulheres negras l\u00e9sbicas, onde ainda que essas hist\u00f3rias sejam atravessadas pelo conservadorismo e pelas diversas viol\u00eancias simb\u00f3licas externas do dia a dia dessas mulheres, o filme foca &#8211; tanto na constru\u00e7\u00e3o de sua narrativa, quanto nas imagens apresentadas &#8211; no afeto que existe nessas rela\u00e7\u00f5es. Rompendo com estere\u00f3tipos que s\u00e3o legados a estas corpas que n\u00e3o atendem aos padr\u00f5es de feminilidade impostos pela sociedade.<\/p>\n\n\n\n<p class=\"has-text-align-center\">As personagens do filme s\u00e3o mulheres reais e a dire\u00e7\u00e3o de Mariana Campos, somada \u00e0 uma equipe majoritariamente composta por mulheres negras e pessoas LGBTQI+, captam de forma sens\u00edvel toda a complexidade dessas mulheres.<\/p>\n\n\n\n<p class=\"has-text-align-center\">J\u00e1 o curta-metragem &#8220;O Dia de Jerusa&#8221; , que tem roteiro e dire\u00e7\u00e3o de Viviane Ferreira, fala sobre mem\u00f3ria, abandono e solid\u00e3o de mulheres negras. <\/p>\n\n\n\n<p class=\"has-text-align-center\">O filme se desenrola a partir do encontro de duas mulheres negras, a jovem pesquisadora de opini\u00e3o, Silvia\u00a0(D\u00e9bora Mar\u00e7al)\u00a0e a j\u00e1 idosa e aniversariante Jerusa, brilhantemente interpretada pela grande L\u00e9a Gon\u00e7alves.<\/p>\n\n\n\n<p class=\"has-text-align-center\">Os filmes chamam a aten\u00e7\u00e3o para a capacidade do cinema para romper com padr\u00f5es estabelecidos.&nbsp;A sess\u00e3o \u00e9 seguida de debate com tradu\u00e7\u00e3o para libras&nbsp;e ser\u00e1 aceita a doa\u00e7\u00e3o de&nbsp;roupas e alimentos n\u00e3o perec\u00edveis.<\/p>\n\n\n\n<p class=\"has-text-align-center\">O projeto tem patroc\u00ednio da Secretaria Municipal de Cultura, atrav\u00e9s do Programa de Fomento \u00e0 Cultura Carioca e apoio da Riofilme.&nbsp;<\/p>\n\n\n\n<p class=\"has-text-align-center\">Instagram:&nbsp;<a href=\"https:\/\/www.instagram.com\/mhofilme\/\" target=\"_blank\" rel=\"noreferrer noopener\">@mhofilme<\/a>&nbsp;<a href=\"https:\/\/www.instagram.com\/maricamposcine\/\" target=\"_blank\" rel=\"noreferrer noopener\">@maricamposcine<\/a>&nbsp;@Vivianeferreira&nbsp;<a>@odunfilmes<\/a><\/p>\n\n\n\n<p class=\"has-text-align-center\"><strong>Sobre o Cine&amp;Manas<\/strong><\/p>\n\n\n\n<p class=\"has-text-align-center\">O Cine&amp;Manas \u00e9 um<strong>&nbsp;projeto de exibi\u00e7\u00e3o<\/strong>&nbsp;e distribui\u00e7\u00e3o de impacto para&nbsp;<strong>exibi\u00e7\u00e3o de filmes nacionais realizados por mulheres cis<\/strong>&nbsp;<strong>e trans.<\/strong>&nbsp;De car\u00e1ter itinerante, o cineclube circula desde 2017 pela regi\u00e3o metropolitana do Rio de Janeiro, j\u00e1 tendo realizado sess\u00f5es&nbsp; na capital, no bairro de Campo Grande, Paci\u00eancia, Bonsucesso e nas cidades de Niter\u00f3i e Rio Bonito. Em 2021, em fun\u00e7\u00e3o da pandemia de covid-19,realizou sess\u00f5es online, com incentivo da Lei Aldir Blanc.&nbsp;<strong>Agenda do Circuito Zona Oeste 2023<\/strong><\/p>\n\n\n\n<p class=\"has-text-align-center\">Este ano o Cine&amp;Manas vai realizar uma circula\u00e7\u00e3o por&nbsp;<strong>diversos bairros da Zona Oeste.<\/strong><\/p>\n\n\n\n<p class=\"has-text-align-center\"><strong>Programa\u00e7\u00e3o<\/strong><\/p>\n\n\n\n<p class=\"has-text-align-center\">. Casa Bosque\/Campo Grande &#8211; dias 20\/07 e 21\/08 &#8211; &nbsp;18h.&nbsp;<\/p>\n\n\n\n<p class=\"has-text-align-center\">. Areninha Carioca Hermeto Pascoal (Bangu) &#8211; 21\/08 &#8211; 18h<br><br>. Arena Carioca Gilberto Gil ( Realengo) &#8211; 25\/10 &#8211; 17h<br><br>. Arena Carioca Abelardo Barbosa (Pedra de Guaratiba) &#8211; 18\/11 &#8211; 17h<\/p>\n\n\n\n<p class=\"has-text-align-center\"><strong>Ficha t\u00e9cnica do projeto<\/strong><br>Produ\u00e7\u00e3o executiva: Carolina Rodriguez<\/p>\n\n\n\n<p class=\"has-text-align-center\">Coordenadora de produ\u00e7\u00e3o: Helena Claro<\/p>\n\n\n\n<p class=\"has-text-align-center\">Curadoria: Bruna Aguiar, Galba Gog\u00f3ia e Helena Claro<\/p>\n\n\n\n<p class=\"has-text-align-center\">Produtora t\u00e9cnica: Bruna Aguiar<\/p>\n\n\n\n<p class=\"has-text-align-center\">Comunica\u00e7\u00e3o: Suburbana<\/p>\n\n\n\n<p class=\"has-text-align-center\">Designer: Ren\u00e9e Lima<\/p>\n\n\n\n<p class=\"has-text-align-center\">Realiza\u00e7\u00e3o: Manas Produtora<\/p>\n\n\n\n<p class=\"has-text-align-center\">Assessoria de Imprensa: Paula Ramagem<\/p>\n\n\n\n<p class=\"has-text-align-center\">Fomento: FOCA, Prefeitura do Rio de Janeiro<\/p>\n\n\n\n<p class=\"has-text-align-center\">Apoio: Rio Filmes.<br><strong>Servi\u00e7o<\/strong><\/p>\n\n\n\n<p class=\"has-text-align-center\">Filme:&nbsp; Minha Hist\u00f3ria \u00e9 Outra<br>Document\u00e1rio \/ 22&#8242; \/ 2019 \/ Rio de Janeiro<br>Dire\u00e7\u00e3o: Mariana Campos<br>Classifica\u00e7\u00e3o: 16 anos<br>Sess\u00e3o seguida de debate com tradu\u00e7\u00e3o para libras&nbsp;<br>Doa\u00e7\u00e3o de roupas e alimentos n\u00e3o perec\u00edveis<br><br>Data: 20 de Julho, quinta-feira, a partir de 18h<br>Entrada gratuita<br>Local: Casa Bosque&nbsp;<a href=\"https:\/\/www.instagram.com\/casabosquecg\/\" target=\"_blank\" rel=\"noreferrer noopener\">@casabosquecg<\/a><br>Estrada da Caroba, 449, Campo Grande \/ RJ<\/p>\n\n\n\n<p class=\"has-text-align-center\">Assessoria de Imprensa:<\/p>\n\n\n\n<p class=\"has-text-align-center\">Paula Ramagem<\/p>\n\n\n\n<figure class=\"wp-block-image aligncenter size-full\"><img width=\"710\" height=\"900\" src=\"https:\/\/vimagazine.com.br\/wp-content\/uploads\/2023\/07\/Screenshot_20230712-175752.jpg\" alt=\"\" class=\"wp-image-9939\" srcset=\"https:\/\/vimagazine.com.br\/wp-content\/uploads\/2023\/07\/Screenshot_20230712-175752.jpg 710w, https:\/\/vimagazine.com.br\/wp-content\/uploads\/2023\/07\/Screenshot_20230712-175752-237x300.jpg 237w\" sizes=\"(max-width: 710px) 100vw, 710px\" \/><\/figure>\n","protected":false},"excerpt":{"rendered":"<p>Cine &amp; Manas apresenta &#8216;Minha Hist\u00f3ria \u00e9 Outra&#8217; e &#8216;O Dia de Jerusa&#8217;, dando&nbsp;continuidade ao&#8230;<\/p>\n","protected":false},"author":3,"featured_media":9937,"comment_status":"closed","ping_status":"open","sticky":false,"template":"","format":"standard","meta":{"om_disable_all_campaigns":false,"_monsterinsights_skip_tracking":false,"_monsterinsights_sitenote_active":false,"_monsterinsights_sitenote_note":"","_monsterinsights_sitenote_category":0,"spay_email":""},"categories":[1],"tags":[],"jetpack_featured_media_url":"https:\/\/vimagazine.com.br\/wp-content\/uploads\/2023\/07\/O-dia-de-Jerusa-840x420-1.jpg","_links":{"self":[{"href":"https:\/\/vimagazine.com.br\/index.php?rest_route=\/wp\/v2\/posts\/9936"}],"collection":[{"href":"https:\/\/vimagazine.com.br\/index.php?rest_route=\/wp\/v2\/posts"}],"about":[{"href":"https:\/\/vimagazine.com.br\/index.php?rest_route=\/wp\/v2\/types\/post"}],"author":[{"embeddable":true,"href":"https:\/\/vimagazine.com.br\/index.php?rest_route=\/wp\/v2\/users\/3"}],"replies":[{"embeddable":true,"href":"https:\/\/vimagazine.com.br\/index.php?rest_route=%2Fwp%2Fv2%2Fcomments&post=9936"}],"version-history":[{"count":1,"href":"https:\/\/vimagazine.com.br\/index.php?rest_route=\/wp\/v2\/posts\/9936\/revisions"}],"predecessor-version":[{"id":9940,"href":"https:\/\/vimagazine.com.br\/index.php?rest_route=\/wp\/v2\/posts\/9936\/revisions\/9940"}],"wp:featuredmedia":[{"embeddable":true,"href":"https:\/\/vimagazine.com.br\/index.php?rest_route=\/wp\/v2\/media\/9937"}],"wp:attachment":[{"href":"https:\/\/vimagazine.com.br\/index.php?rest_route=%2Fwp%2Fv2%2Fmedia&parent=9936"}],"wp:term":[{"taxonomy":"category","embeddable":true,"href":"https:\/\/vimagazine.com.br\/index.php?rest_route=%2Fwp%2Fv2%2Fcategories&post=9936"},{"taxonomy":"post_tag","embeddable":true,"href":"https:\/\/vimagazine.com.br\/index.php?rest_route=%2Fwp%2Fv2%2Ftags&post=9936"}],"curies":[{"name":"wp","href":"https:\/\/api.w.org\/{rel}","templated":true}]}}