{"id":9951,"date":"2023-07-19T21:58:55","date_gmt":"2023-07-20T00:58:55","guid":{"rendered":"https:\/\/vimagazine.com.br\/?p=9951"},"modified":"2023-07-19T21:58:56","modified_gmt":"2023-07-20T00:58:56","slug":"cultura-mane-no-spotmarkt-tera-boi-de-mamao-musica-e-contacao-de-historias","status":"publish","type":"post","link":"https:\/\/vimagazine.com.br\/?p=9951","title":{"rendered":"Cultura Man\u00e9\u2019 no SpotMarkt ter\u00e1 boi de mam\u00e3o, m\u00fasica e conta\u00e7\u00e3o de hist\u00f3rias"},"content":{"rendered":"\n<p class=\"has-text-align-center\"><em>Mall localizado no C\u00f3rrego Grande passar\u00e1 a integrar roteiro do evento itinerante que busca valorizar tradi\u00e7\u00f5es da Ilha<\/em><\/p>\n\n\n\n<p class=\"has-text-align-center\">O SpotMarkt Mall, localizado no C\u00f3rrego Grande, em Florian\u00f3polis, receber\u00e1 edi\u00e7\u00e3o do \u201cCultura Man\u00e9\u201d no pr\u00f3ximo dia 22 de julho (s\u00e1bado). O projeto levar\u00e1 ao espa\u00e7o atividades como boi de mam\u00e3o, m\u00fasica, conta\u00e7\u00e3o de hist\u00f3rias, yoga e recrea\u00e7\u00e3o esportiva. Toda a programa\u00e7\u00e3o \u00e9 gratuita.<\/p>\n\n\n\n<p class=\"has-text-align-center\">O \u201cCultura Man\u00e9\u201d \u00e9 um projeto que busca promover a aproxima\u00e7\u00e3o das novas gera\u00e7\u00f5es com a cultura tradicional da Ilha de Santa Catarina, com brincadeiras e atividades de lazer para todas as idades. A iniciativa j\u00e1 realizou mais de 70 edi\u00e7\u00f5es itinerantes na Capital catarinense desde dezembro de 2021.<\/p>\n\n\n\n<p class=\"has-text-align-center\"><strong>Esta ser\u00e1 a primeira vez que o evento ocorre no SpotMarkt Mall. <\/strong><\/p>\n\n\n\n<p class=\"has-text-align-center\">O espa\u00e7o, empreendimento da Dimas Constru\u00e7\u00f5es inaugurado em mar\u00e7o, re\u00fane uma variedade de op\u00e7\u00f5es de gastronomia, lazer e servi\u00e7os, e tem se tornado ponto de encontro e conex\u00e3o no bairro. Ele est\u00e1 integrado ao Parque Linear do C\u00f3rrego Grande, possibilitando tamb\u00e9m a realiza\u00e7\u00e3o de atividades ao ar livre.<\/p>\n\n\n\n<p class=\"has-text-align-center\">A ideia \u00e9 que o projeto \u201cCultura Man\u00e9\u201d seja mais uma op\u00e7\u00e3o cultural e de lazer para os moradores. Outras tr\u00eas edi\u00e7\u00f5es do evento est\u00e3o previstas para ocorrer no SpotMarkt at\u00e9 o final do ano.&nbsp;<\/p>\n\n\n\n<p class=\"has-text-align-center\">O \u201cCultura Man\u00e9\u201d no SpotMarkt Mall ter\u00e1 ainda a presen\u00e7a de rendeira e pescador, que far\u00e3o exposi\u00e7\u00e3o e aula, feira de gastronomia e artesanato, recrea\u00e7\u00e3o e pintura infantil e brinquedos infl\u00e1veis. A programa\u00e7\u00e3o, inteiramente gratuita, come\u00e7a a partir do meio-dia.&nbsp;<\/p>\n\n\n\n<p class=\"has-text-align-center\"><strong>SERVI\u00c7O<\/strong><\/p>\n\n\n\n<p class=\"has-text-align-center\">Cultura Man\u00e9 no SpotMarkt<\/p>\n\n\n\n<p class=\"has-text-align-center\">22 de julho (s\u00e1bado)<\/p>\n\n\n\n<p class=\"has-text-align-center\">C\u00f3rrego Grande, Florian\u00f3polis<\/p>\n\n\n\n<p class=\"has-text-align-center\">A partir do meio-dia<\/p>\n\n\n\n<p class=\"has-text-align-center\">Entrada gratuita<\/p>\n\n\n\n<p class=\"has-text-align-center\"><strong>Programa\u00e7\u00e3o:<\/strong><\/p>\n\n\n\n<p class=\"has-text-align-center\">12h: Feira de gastronomia e artesanato<\/p>\n\n\n\n<p class=\"has-text-align-center\">13h: Brinquedos infl\u00e1veis, Recrea\u00e7\u00e3o infantil, Recrea\u00e7\u00e3o esportiva, Pintura infantil, Exposi\u00e7\u00e3o e aula com rendeira, Exposi\u00e7\u00e3o e aula com pescador<\/p>\n\n\n\n<p class=\"has-text-align-center\">14h: Conta\u00e7\u00e3o de hist\u00f3ria, Aula de yoga infantil<\/p>\n\n\n\n<p class=\"has-text-align-center\">15h: Boi de mam\u00e3o<\/p>\n\n\n\n<p class=\"has-text-align-center\">16h: Apresenta\u00e7\u00e3o musical<\/p>\n\n\n\n<p class=\"has-text-align-center\"><\/p>\n\n\n\n<p class=\"has-text-align-center\"><strong>Fonte:<\/strong> <strong>Guilherme Simon <\/strong><\/p>\n","protected":false},"excerpt":{"rendered":"<p>Mall localizado no C\u00f3rrego Grande passar\u00e1 a integrar roteiro do evento itinerante que busca valorizar&#8230;<\/p>\n","protected":false},"author":3,"featured_media":9952,"comment_status":"closed","ping_status":"open","sticky":false,"template":"","format":"standard","meta":{"om_disable_all_campaigns":false,"_monsterinsights_skip_tracking":false,"_monsterinsights_sitenote_active":false,"_monsterinsights_sitenote_note":"","_monsterinsights_sitenote_category":0,"spay_email":""},"categories":[1],"tags":[],"jetpack_featured_media_url":"https:\/\/vimagazine.com.br\/wp-content\/uploads\/2023\/07\/Cultura-Mane-Divulgacao-01.jpg","_links":{"self":[{"href":"https:\/\/vimagazine.com.br\/index.php?rest_route=\/wp\/v2\/posts\/9951"}],"collection":[{"href":"https:\/\/vimagazine.com.br\/index.php?rest_route=\/wp\/v2\/posts"}],"about":[{"href":"https:\/\/vimagazine.com.br\/index.php?rest_route=\/wp\/v2\/types\/post"}],"author":[{"embeddable":true,"href":"https:\/\/vimagazine.com.br\/index.php?rest_route=\/wp\/v2\/users\/3"}],"replies":[{"embeddable":true,"href":"https:\/\/vimagazine.com.br\/index.php?rest_route=%2Fwp%2Fv2%2Fcomments&post=9951"}],"version-history":[{"count":1,"href":"https:\/\/vimagazine.com.br\/index.php?rest_route=\/wp\/v2\/posts\/9951\/revisions"}],"predecessor-version":[{"id":9953,"href":"https:\/\/vimagazine.com.br\/index.php?rest_route=\/wp\/v2\/posts\/9951\/revisions\/9953"}],"wp:featuredmedia":[{"embeddable":true,"href":"https:\/\/vimagazine.com.br\/index.php?rest_route=\/wp\/v2\/media\/9952"}],"wp:attachment":[{"href":"https:\/\/vimagazine.com.br\/index.php?rest_route=%2Fwp%2Fv2%2Fmedia&parent=9951"}],"wp:term":[{"taxonomy":"category","embeddable":true,"href":"https:\/\/vimagazine.com.br\/index.php?rest_route=%2Fwp%2Fv2%2Fcategories&post=9951"},{"taxonomy":"post_tag","embeddable":true,"href":"https:\/\/vimagazine.com.br\/index.php?rest_route=%2Fwp%2Fv2%2Ftags&post=9951"}],"curies":[{"name":"wp","href":"https:\/\/api.w.org\/{rel}","templated":true}]}}