{"id":9954,"date":"2023-07-21T12:12:13","date_gmt":"2023-07-21T15:12:13","guid":{"rendered":"https:\/\/vimagazine.com.br\/?p=9954"},"modified":"2023-07-21T12:12:18","modified_gmt":"2023-07-21T15:12:18","slug":"cirurgia-dentista-orofacial-fala-sobre-as-tecnicas-de-rejuvenescimento-natural","status":"publish","type":"post","link":"https:\/\/vimagazine.com.br\/?p=9954","title":{"rendered":"Cirurgi\u00e3 Dentista Orofacial fala sobre as t\u00e9cnicas de Rejuvenescimento Natural"},"content":{"rendered":"\n<p><\/p>\n\n\n\n<p>&nbsp;&nbsp; Dra. <strong>Mariah Conte Lopes<\/strong> \u00e9 Cirurgi\u00e3 Dentista \u2013 CRO\/SP 101.196, com especializa\u00e7\u00e3o em <strong>HOF<\/strong> (Harmoniza\u00e7\u00e3o Orofacial) &#8211; Rejuvenescimento Natural, possui resid\u00eancia internacional em <strong>Harvard Medical School<\/strong>, resid\u00eancia <strong>internacional Marc Miami<\/strong>, IMCAS 2022, tendo participado do Congresso Internacional de medicina est\u00e9tica e atua na \u00e1rea de Rejuvenescimento facial desde 2017.<\/p>\n\n\n\n<p>&nbsp;&nbsp;&nbsp; Para falar sobre todos os aspectos relacionados a harmoniza\u00e7\u00e3o facial e rejuvenescimento naturais que eu convidei para um bate-papo, a Cirurgi\u00e3 Dentista Orofacial, Dra. Mariah Conte Lopes.<\/p>\n\n\n\n<p><strong><em>Como surgiu e o que \u00e9 harmoniza\u00e7\u00e3o facial natural?<\/em><\/strong><\/p>\n\n\n\n<p><strong>&nbsp;R:<\/strong> O avan\u00e7o est\u00e9tico faz com que surjam, de forma constante, tratamentos que visam o rejuvenescimento e embelezamento da face. Dentre esses protocolos est\u00e1 a&nbsp;harmoniza\u00e7\u00e3o facial, que tem conquistado um n\u00famero significativo de adeptos.<\/p>\n\n\n\n<p>&nbsp;&nbsp; A&nbsp;harmoniza\u00e7\u00e3o facial&nbsp;consiste na jun\u00e7\u00e3o de diversos tratamentos faciais resultando na melhoria da qualidade da pele e de suas propor\u00e7\u00f5es e simetrias.<\/p>\n\n\n\n<p>&nbsp;&nbsp;&nbsp; \u00c9 importante salientar que a&nbsp;harmoniza\u00e7\u00e3o facial&nbsp;deve ser feita com base na necessidade do paciente e por profissionais devidamente gabaritados, como um especialista na \u00e1rea de HOF (Harmoniza\u00e7\u00e3o Orofacial), pois envolve o manuseio de produtos que podem resultar em frustra\u00e7\u00e3o ao paciente.<\/p>\n\n\n\n<p><strong><em>A senhora trabalha tamb\u00e9m com o rejuvenescimento natural.&nbsp; O que \u00e9 e como funciona?<\/em><\/strong><\/p>\n\n\n\n<p>&nbsp;&nbsp; <strong>R:<\/strong>&nbsp; Sim, meu foco \u00e9 o rejuvenescimento natural.&nbsp; A principal fun\u00e7\u00e3o da&nbsp;harmoniza\u00e7\u00e3o NATURAL&nbsp;\u00e9 ressaltar pontos belos da face e promover corre\u00e7\u00e3o de locais assim\u00e9tricos. A inten\u00e7\u00e3o da harmoniza\u00e7\u00e3o natural, \u00e9 que o procedimento restaure a jovialidade e leveza da face, reduzindo marcas de express\u00e3o e conservando sua caracter\u00edstica prim\u00e1ria e proporcionalidade das estruturas, ou seja, torne o paciente mais belo sem que seja poss\u00edvel dizer que ele se submeteu a algum procedimento est\u00e9tico. Por esse motivo tem aumentado cada vez mais a procura por resultados NATURAIS, para evitar a padroniza\u00e7\u00e3o facial e tamb\u00e9m o exagero.<\/p>\n\n\n\n<p><strong><em>O que \u00e9 Bioestimulador Pioneiro Sculptra? Qual a import\u00e2ncia no processo de rejuvenescimento?<\/em><\/strong><\/p>\n\n\n\n<p><strong>R:<\/strong>&nbsp; Sculptra\u00ae \u00e9 um bioestimulador que estimula a produ\u00e7\u00e3o natural do pr\u00f3prio col\u00e1geno do organismo, trazendo de volta a firmeza e a sustenta\u00e7\u00e3o da pele da face perdidas ao longo do tempo. O Sculptra\u00ae \u00e9 um tratamento de dentro para fora que estimula a produ\u00e7\u00e3o natural do pr\u00f3prio col\u00e1geno do organismo. Em m\u00e9dia, s\u00e3o feitas tr\u00eas sess\u00f5es, e os resultados t\u00eam uma dura\u00e7\u00e3o de 25 meses.<\/p>\n\n\n\n<p>&nbsp;&nbsp; A partir dos 25 anos de idade, come\u00e7amos a diminuir a produ\u00e7\u00e3o do col\u00e1geno. Com isso, a pele passa a perder a sua firmeza e sustenta\u00e7\u00e3o. Al\u00e9m do envelhecimento, outros fatores tamb\u00e9m contribuem para acentuar a flacidez da pele, principalmente do corpo, como emagrecimento, esportes de alta performance, p\u00f3s-parto, entro outros. Por isso \u00e9 de extrema import\u00e2ncia incluir essa reposi\u00e7\u00e3o de col\u00e1geno no protocolo de tratamento do paciente.<\/p>\n\n\n\n<p><strong><em>Quais s\u00e3o as t\u00e9cnicas usadas na harmoniza\u00e7\u00e3o e no rejuvenescimento natural e, quantas sess\u00f5es s\u00e3o necess\u00e1rias para se ter um bom resultado?<\/em><\/strong><\/p>\n\n\n\n<p><strong>&nbsp; R:<\/strong>&nbsp; Para isso, o profissional precisa fazer uma an\u00e1lise criteriosa da face do paciente para identificar as caracter\u00edsticas e tra\u00e7ar o protocolo mais adequado na busca de um resultado de excel\u00eancia, conservando a apar\u00eancia natural. O n\u00famero de sess\u00f5es e os protocolos de tratamentos v\u00e3o variar de acordo com a an\u00e1lise facial.<\/p>\n\n\n\n<p><strong><em>Como a senhora analisa as pol\u00eamicas harmoniza\u00e7\u00f5es faciais em que h\u00e1 exageros?<\/em><\/strong><\/p>\n\n\n\n<p>&nbsp; <strong>R:<\/strong> Eu analiso que esse exagero sempre ser\u00e1 evitado caso o paciente procure um especialista experiente na \u00e1rea e que preze sempre pela naturalidade em seus tratamentos, sabendo orientar os pacientes de forma correta, assim evitando esses exageros que vemos em alguns casos. A harmoniza\u00e7\u00e3o facial \u00e9 um conjunto de procedimentos est\u00e9ticos, portanto, esse exagero ocorre quando o profissional de escolha n\u00e3o possui senso est\u00e9tico e exagera na quantidade de produtos, transformando de forma exagerada o rosto do paciente. Meus pacientes s\u00e3o sempre bem orientados em minha consulta sobre a import\u00e2ncia de realizar tratamentos com resultados gradativos e naturais. &nbsp;<\/p>\n\n\n\n<p><strong><em>O que na sua avalia\u00e7\u00e3o tem levado as pessoas a buscar estes tratamentos de harmoniza\u00e7\u00e3o facial e de rejuvenescimento?<\/em><\/strong><\/p>\n\n\n\n<p>&nbsp; <strong>R:<\/strong>&nbsp; A maioria dos pacientes que se submetem as cirurgias est\u00e9ticas afirmam que o principal objetivo para realizar o procedimento \u00e9 sentir-se confort\u00e1vel com sua pr\u00f3pria apar\u00eancia e, consequentemente, sentir-se mais feliz. A m\u00eddia exerce grande influ\u00eancia sobre como esses novos padr\u00f5es de beleza s\u00e3o percebidos pela sociedade.&nbsp; Conseguimos, com a harmoniza\u00e7\u00e3o facial promover autoestima e bem-estar aos nossos pacientes.<\/p>\n\n\n\n<p><strong><em>Como as pessoas podem ter acesso aos seus trabalhos? Site e redes sociais&#8230;<\/em><\/strong><\/p>\n\n\n\n<p><strong>&nbsp;&nbsp; R:<\/strong>&nbsp; Pelo meu Instagram <a href=\"https:\/\/www.instagram.com\/dra.mariahcontelopes\/\">@dra.mariahcontelopes<\/a> e tamb\u00e9m pelo site da Facciale, meu consult\u00f3rio, <a href=\"https:\/\/dramariahcontelopes.com.br\">https:\/\/dramariahcontelopes.com.br<\/a>, e tamb\u00e9m entrando em contato com a minha equipe pelo nosso whatsapp (11)97170-4841.<\/p>\n\n\n\n<p><strong>Foto: divulga\u00e7\u00e3o<\/strong><\/p>\n","protected":false},"excerpt":{"rendered":"<p>&nbsp;&nbsp; Dra. Mariah Conte Lopes \u00e9 Cirurgi\u00e3 Dentista \u2013 CRO\/SP 101.196, com especializa\u00e7\u00e3o em HOF&#8230;<\/p>\n","protected":false},"author":2,"featured_media":9955,"comment_status":"closed","ping_status":"open","sticky":false,"template":"","format":"standard","meta":{"om_disable_all_campaigns":false,"_monsterinsights_skip_tracking":false,"_monsterinsights_sitenote_active":false,"_monsterinsights_sitenote_note":"","_monsterinsights_sitenote_category":0,"spay_email":""},"categories":[31],"tags":[460,699,676,708,45],"jetpack_featured_media_url":"https:\/\/vimagazine.com.br\/wp-content\/uploads\/2023\/07\/7eacb37a-5275-4d0f-a0a9-508f11a76014.jpg","_links":{"self":[{"href":"https:\/\/vimagazine.com.br\/index.php?rest_route=\/wp\/v2\/posts\/9954"}],"collection":[{"href":"https:\/\/vimagazine.com.br\/index.php?rest_route=\/wp\/v2\/posts"}],"about":[{"href":"https:\/\/vimagazine.com.br\/index.php?rest_route=\/wp\/v2\/types\/post"}],"author":[{"embeddable":true,"href":"https:\/\/vimagazine.com.br\/index.php?rest_route=\/wp\/v2\/users\/2"}],"replies":[{"embeddable":true,"href":"https:\/\/vimagazine.com.br\/index.php?rest_route=%2Fwp%2Fv2%2Fcomments&post=9954"}],"version-history":[{"count":1,"href":"https:\/\/vimagazine.com.br\/index.php?rest_route=\/wp\/v2\/posts\/9954\/revisions"}],"predecessor-version":[{"id":9956,"href":"https:\/\/vimagazine.com.br\/index.php?rest_route=\/wp\/v2\/posts\/9954\/revisions\/9956"}],"wp:featuredmedia":[{"embeddable":true,"href":"https:\/\/vimagazine.com.br\/index.php?rest_route=\/wp\/v2\/media\/9955"}],"wp:attachment":[{"href":"https:\/\/vimagazine.com.br\/index.php?rest_route=%2Fwp%2Fv2%2Fmedia&parent=9954"}],"wp:term":[{"taxonomy":"category","embeddable":true,"href":"https:\/\/vimagazine.com.br\/index.php?rest_route=%2Fwp%2Fv2%2Fcategories&post=9954"},{"taxonomy":"post_tag","embeddable":true,"href":"https:\/\/vimagazine.com.br\/index.php?rest_route=%2Fwp%2Fv2%2Ftags&post=9954"}],"curies":[{"name":"wp","href":"https:\/\/api.w.org\/{rel}","templated":true}]}}