{"id":9964,"date":"2023-07-24T10:46:08","date_gmt":"2023-07-24T13:46:08","guid":{"rendered":"https:\/\/vimagazine.com.br\/?p=9964"},"modified":"2023-07-24T10:46:10","modified_gmt":"2023-07-24T13:46:10","slug":"arquiteta-nathalia-mendes-fala-sobre-arquitetura-afetiva","status":"publish","type":"post","link":"https:\/\/vimagazine.com.br\/?p=9964","title":{"rendered":"Arquiteta Nathalia Mendes fala sobre Arquitetura afetiva"},"content":{"rendered":"\n<p><\/p>\n\n\n\n<p>A constru\u00e7\u00e3o do nosso lar de acordo com nossa personalidade \u00e9 muito importante para que a gente se sinta confort\u00e1vel e possamos desfrutar de uma boa qualidade de vida.&nbsp;<\/p>\n\n\n\n<p>Imprimir a nossa hist\u00f3ria atrav\u00e9s dos elementos da decora\u00e7\u00e3o dos ambientes \u00e9 fundamental, afinal a nossa casa conta mais sobre n\u00f3s e sobre as coisas que j\u00e1 vivemos! &nbsp;<\/p>\n\n\n\n<figure class=\"wp-block-image size-full\"><img width=\"683\" height=\"1024\" src=\"https:\/\/vimagazine.com.br\/wp-content\/uploads\/2023\/07\/78102916-8D53-467A-90EC-C0EFAC009819.jpeg\" alt=\"\" class=\"wp-image-9965\" srcset=\"https:\/\/vimagazine.com.br\/wp-content\/uploads\/2023\/07\/78102916-8D53-467A-90EC-C0EFAC009819.jpeg 683w, https:\/\/vimagazine.com.br\/wp-content\/uploads\/2023\/07\/78102916-8D53-467A-90EC-C0EFAC009819-200x300.jpeg 200w\" sizes=\"(max-width: 683px) 100vw, 683px\" \/><\/figure>\n\n\n\n<p>Imagine ent\u00e3o uma casa inteira criada com base em mem\u00f3rias que podem ser uma verdadeira inspira\u00e7\u00e3o para todos os ambientes de sua casa.&nbsp;<\/p>\n\n\n\n<p>Isso \u00e9 chamado no mercado imobili\u00e1rio de arquitetura afetiva.&nbsp;<\/p>\n\n\n\n<p>Esse estilo de projetos vem ganhando cada vez mais aten\u00e7\u00e3o no mercado e se tornando um diferencial. Aqui convidamos a arquiteta Nathalia Mendes, que tem essa abordagem em seus projetos, para nos contar um pouco mais sobre o assunto! &nbsp;<\/p>\n\n\n\n<p>Confiram!<\/p>\n\n\n\n<p>1- Nathalia quando voc\u00ea descobriu que queria seguir carreira de&nbsp;arquitetura?<\/p>\n\n\n\n<p>Decidi no ano de fazer o vestibular, nunca havia passado pela minha cabe\u00e7a. At\u00e9 ent\u00e3o a ideia era fazer engenharia. Mas quando de fato parei para pensar se realmente gostaria de fazer aquilo pra sempre, percebi que faltava algo. A engenharia parecia algo \u201cfrio\u201d pra mim.&nbsp;<\/p>\n\n\n\n<p>Eu&nbsp;sempre admirei coisas belas, prestava aten\u00e7\u00e3o nas casas do bairro, mas nunca percebi que isso podia me levar a uma profiss\u00e3o. Era apenas uma caracter\u00edstica minha. No entanto, quando passei a vislumbrar outras possibilidades de carreira e me veio a arquitetura tudo se encaixou! Era a jun\u00e7\u00e3o do t\u00e9cnico (que havia engenharia) com hist\u00f3ria, cor, est\u00e9tica&#8230;<\/p>\n\n\n\n<p>2- De onde vem a maior sua inspira\u00e7\u00e3o para criar os&nbsp;projetos?<\/p>\n\n\n\n<p>A parte mais importante para ter inspira\u00e7\u00e3o \u00e9 ter um olhar treinado. Assim como um m\u00fasico treina o ouvir, um chefe de cozinha treina o paladar, o arquiteto precisa treinar o olhar.&nbsp;As refer\u00eancias v\u00eam&nbsp;de todos os lugares&nbsp;onde a gente olha.&nbsp;Uma viagem, um restaurante, a paleta de cores de uma paisagem, isso falando sobre as quest\u00f5es est\u00e9ticas de um projeto. Depois temos tamb\u00e9m quest\u00f5es de inspira\u00e7\u00e3o que partem dos&nbsp;pr\u00f3prios clientes. A hist\u00f3ria de cada pessoa, pra mim, \u00e9 algo extremamente inspiradora. &nbsp;<\/p>\n\n\n\n<figure class=\"wp-block-image size-full\"><img width=\"683\" height=\"1024\" src=\"https:\/\/vimagazine.com.br\/wp-content\/uploads\/2023\/07\/71145900-1A40-4949-BEFD-81351FBE14EC.jpeg\" alt=\"\" class=\"wp-image-9966\" srcset=\"https:\/\/vimagazine.com.br\/wp-content\/uploads\/2023\/07\/71145900-1A40-4949-BEFD-81351FBE14EC.jpeg 683w, https:\/\/vimagazine.com.br\/wp-content\/uploads\/2023\/07\/71145900-1A40-4949-BEFD-81351FBE14EC-200x300.jpeg 200w\" sizes=\"(max-width: 683px) 100vw, 683px\" \/><\/figure>\n\n\n\n<p>3- Como voc\u00ea define Arquitetura&nbsp;afetiva?<\/p>\n\n\n\n<p>Quando&nbsp;falamos em casa, existe um grupo de pessoas espec\u00edfico que ir\u00e1 viver ali. Portanto, n\u00e3o se trata apenas&nbsp;de seguir uma tend\u00eancia de decora\u00e7\u00e3o, copiar uma refer\u00eancia da internet ou fazer&nbsp;um cen\u00e1rio de casa de novela. A arquitetura afetiva tem o individuo como centro e eu acredito que nossa&nbsp;casa&nbsp;\u00e9 o melhor lugar do mundo, mas assim como cada pessoa \u00e9 \u00fanica, cada casa tamb\u00e9m \u00e9.Ent\u00e3o a arquitetura afetiva \u00e9 voltada para entender e atender aquela fam\u00edlia, as necessidades espec\u00edficas, os gostos,&nbsp;os sentimentos e principalmente a hist\u00f3ria&nbsp;j\u00e1&nbsp;vivida e a hist\u00f3ria que ser\u00e1 criada no lar de cada um.&nbsp;Todas essas caracter\u00edsticas v\u00e3o compor o projeto de alguma forma, \u00e9 uma arquitetura com significado, prop\u00f3sito, empatia e \u00fanica.&nbsp;<\/p>\n\n\n\n<figure class=\"wp-block-image size-full\"><img width=\"682\" height=\"1024\" src=\"https:\/\/vimagazine.com.br\/wp-content\/uploads\/2023\/07\/5EC53F74-B0DB-4B16-8D6B-D9228BD5AF3B.jpeg\" alt=\"\" class=\"wp-image-9967\" srcset=\"https:\/\/vimagazine.com.br\/wp-content\/uploads\/2023\/07\/5EC53F74-B0DB-4B16-8D6B-D9228BD5AF3B.jpeg 682w, https:\/\/vimagazine.com.br\/wp-content\/uploads\/2023\/07\/5EC53F74-B0DB-4B16-8D6B-D9228BD5AF3B-200x300.jpeg 200w\" sizes=\"(max-width: 682px) 100vw, 682px\" \/><\/figure>\n\n\n\n<p>4- como&nbsp;voc\u00ea se v\u00ea daqui a 10&nbsp;anos?<\/p>\n\n\n\n<p>Profissionalmente me vejo realizando projetos pelo pa\u00eds todo, e talvez fora tamb\u00e9m, tenho essa vontade de ir al\u00e9m do regional,&nbsp;porque embora n\u00e3o seja poss\u00edvel acompanhar as obras dessa forma, \u00e9 super poss\u00edvel criar os projetos e desenvolv\u00ea-los. Pessoalmente, me vejo com a minha fam\u00edlia, em uma casa com grama no quintal e uma varanda gostosa pra receber amigos, crio lares para as pessoas o tempo todo e esse \u00e9 o lar que eu sonho pra mim. &nbsp;<\/p>\n\n\n\n<p>5- Quando se trata de criar um projeto de uma casa inteira quais s\u00e3o os principais pilares serem&nbsp;considerados logo&nbsp;de&nbsp;in\u00edcio?<\/p>\n\n\n\n<p>N\u00f3s temos no escrit\u00f3rio uma etapa inicial que \u00e9 o que norteia todo o projeto,&nbsp;nessa fase fazemos uma s\u00e9rie de perguntas ao cliente. Chamamos essa etapa de&nbsp;Briefing&nbsp;e separamos em quatro aspectos: pessoal, funcional, t\u00e9cnico e est\u00e9tico.&nbsp;<br>Com isso n\u00f3s abordamos tanto pilares mais subjetivos, como a personalidade dos clientes, sua rotina, seus h\u00e1bitos, como tamb\u00e9m pilares objetivos como or\u00e7amento e cronograma.&nbsp;<\/p>\n\n\n\n<p>6- Voc\u00ea&nbsp;ajuda o cliente desde o lugar a ser escolhido para a&nbsp;constru\u00e7\u00e3o?<\/p>\n\n\n\n<p>Escolher o lugar \u00e9 algo bastante particular, que o cliente precisa estudar n\u00e3o apenas o terreno em&nbsp;si,&nbsp;mas tudo o que envolve a vida dele de se&nbsp;estabelecer ali.&nbsp;<br>Mas nas quest\u00f5es t\u00e9cnicas, podemos sim oferecer orienta\u00e7\u00e3o. Por&nbsp;exemplo, sobre legisla\u00e7\u00e3o, estudo de insola\u00e7\u00e3o no terreno, orientar sobre estudo topogr\u00e1fico&#8230; enfim, saber&nbsp;se a casa que ele sonha pode ser constru\u00edda ali&nbsp;exatamente&nbsp;como ele deseja.&nbsp;<\/p>\n\n\n\n<figure class=\"wp-block-image size-full\"><img width=\"683\" height=\"1024\" src=\"https:\/\/vimagazine.com.br\/wp-content\/uploads\/2023\/07\/48F2F8EC-A64D-4FDF-9541-1B1B9FEAF5EA.jpeg\" alt=\"\" class=\"wp-image-9968\" srcset=\"https:\/\/vimagazine.com.br\/wp-content\/uploads\/2023\/07\/48F2F8EC-A64D-4FDF-9541-1B1B9FEAF5EA.jpeg 683w, https:\/\/vimagazine.com.br\/wp-content\/uploads\/2023\/07\/48F2F8EC-A64D-4FDF-9541-1B1B9FEAF5EA-200x300.jpeg 200w\" sizes=\"(max-width: 683px) 100vw, 683px\" \/><\/figure>\n\n\n\n<p>7- Qual&nbsp;seu sonho de consumo na&nbsp;arquitetura?<\/p>\n\n\n\n<p>Hoje meu sonho de consumo \u00e9 fazer uma casa do zero, em frente ao mar.&nbsp;<\/p>\n\n\n\n<p>8- Praia ou montanha o que voc\u00ea se identifica&nbsp;mais?<\/p>\n\n\n\n<p>Praia. Preciso dizer que adoro o friozinho da montanha, mas o mar pra mim \u00e9 a paisagem natural mais linda de todas! Eu sou uma pessoa mais agitada, gosto de novidades, de mudan\u00e7as ent\u00e3o acho que isso leva a me identificar mais com a praia e o mar, que est\u00e1 sempre se movimentando.&nbsp;<\/p>\n\n\n\n<p>9-&nbsp;como voc\u00ea&nbsp;v\u00ea o mercado da arquitetura&nbsp;atualmente?<\/p>\n\n\n\n<p>Vejo as pessoas tendo mais consci\u00eancia da import\u00e2ncia da profiss\u00e3o. Culturalmente, ainda se tem muito o costume de construir e reformar sem auxilio de um profissional, o que quase sempre resulta em desperd\u00edcios de tempo e principalmente de dinheiro, mas vejo isso mudando aos poucos.<\/p>\n\n\n\n<p>10- Aos aspirantes a&nbsp;carreira:&nbsp;O que \u00e9 importante considerar ao escolher esta&nbsp;profiss\u00e3o?<\/p>\n\n\n\n<p>Que \u00e9 muito trabalho! Desde a faculdade, n\u00e3o \u00e9 um curso leve. Mas dizer isso n\u00e3o precisa significar que \u00e9 penoso, \u00e9 apenas uma realidade. A atualiza\u00e7\u00e3o \u00e9 constante, tem sempre novidades surgindo, ent\u00e3o \u00e9 preciso ser curioso e atento. Voc\u00ea vai lidar com pessoas, saber que cada um \u00e9 um \u00e9 super importante. A forma de lidar com cada cliente ser\u00e1 diferente, alguns mais tranquilos, outros menos, faz parte saber conduzir essa din\u00e2mica.&nbsp;<\/p>\n\n\n\n<p>11- Como \u00e9 sua liga\u00e7\u00e3o com a fam\u00edlia de que maneira a afetividade marca o seu poder&nbsp;criativo?<\/p>\n\n\n\n<p>Eu sou bastante ligada \u00e0s minhas ra\u00edzes. Nasci em uma cidade do interior, sa\u00ed para fazer faculdade, mas toda minha fam\u00edlia ainda mora l\u00e1. Carrego comigo um monte de lembran\u00e7as&nbsp;dos cen\u00e1rios da minha vida: meu quarto, quintal dos av\u00f3s, casa dos primos&#8230; E hoje quando estamos juntos \u00e9 muito interessante perceber as din\u00e2micas, o que gostamos de fazer e eu trago muito essa percep\u00e7\u00e3o quando crio espa\u00e7os para outras fam\u00edlias tamb\u00e9m.<\/p>\n\n\n\n<p>Quando um cliente me conta&nbsp;sobre a vida&nbsp;dele, isso vira fonte de muita inspira\u00e7\u00e3o.&nbsp;Assim como eu tenho mem\u00f3rias da casa onde cresci, os filhos deles tamb\u00e9m v\u00e3o se lembrar dessa casa que estamos construindo. Assim&nbsp;como eu me encontro com a minha fam\u00edlia na varanda dos meus tios no Natal, a fam\u00edlia do meu cliente tamb\u00e9m vai receber amigos e fam\u00edlia na sala de jantar deles. As din\u00e2micas familiares s\u00e3o \u00fanicas e eu amo saber que meu trabalho contribui para criar espa\u00e7os favor\u00e1veis para elas acontecerem da forma mais agrad\u00e1vel e memor\u00e1vel.<\/p>\n","protected":false},"excerpt":{"rendered":"<p>A constru\u00e7\u00e3o do nosso lar de acordo com nossa personalidade \u00e9 muito importante para que&#8230;<\/p>\n","protected":false},"author":18,"featured_media":9969,"comment_status":"closed","ping_status":"open","sticky":false,"template":"","format":"standard","meta":{"om_disable_all_campaigns":false,"_monsterinsights_skip_tracking":false,"_monsterinsights_sitenote_active":false,"_monsterinsights_sitenote_note":"","_monsterinsights_sitenote_category":0,"spay_email":""},"categories":[31],"tags":[243],"jetpack_featured_media_url":"https:\/\/vimagazine.com.br\/wp-content\/uploads\/2023\/07\/4371BD02-00CB-48D9-8F4B-AC66C4B4DE52.jpeg","_links":{"self":[{"href":"https:\/\/vimagazine.com.br\/index.php?rest_route=\/wp\/v2\/posts\/9964"}],"collection":[{"href":"https:\/\/vimagazine.com.br\/index.php?rest_route=\/wp\/v2\/posts"}],"about":[{"href":"https:\/\/vimagazine.com.br\/index.php?rest_route=\/wp\/v2\/types\/post"}],"author":[{"embeddable":true,"href":"https:\/\/vimagazine.com.br\/index.php?rest_route=\/wp\/v2\/users\/18"}],"replies":[{"embeddable":true,"href":"https:\/\/vimagazine.com.br\/index.php?rest_route=%2Fwp%2Fv2%2Fcomments&post=9964"}],"version-history":[{"count":1,"href":"https:\/\/vimagazine.com.br\/index.php?rest_route=\/wp\/v2\/posts\/9964\/revisions"}],"predecessor-version":[{"id":9970,"href":"https:\/\/vimagazine.com.br\/index.php?rest_route=\/wp\/v2\/posts\/9964\/revisions\/9970"}],"wp:featuredmedia":[{"embeddable":true,"href":"https:\/\/vimagazine.com.br\/index.php?rest_route=\/wp\/v2\/media\/9969"}],"wp:attachment":[{"href":"https:\/\/vimagazine.com.br\/index.php?rest_route=%2Fwp%2Fv2%2Fmedia&parent=9964"}],"wp:term":[{"taxonomy":"category","embeddable":true,"href":"https:\/\/vimagazine.com.br\/index.php?rest_route=%2Fwp%2Fv2%2Fcategories&post=9964"},{"taxonomy":"post_tag","embeddable":true,"href":"https:\/\/vimagazine.com.br\/index.php?rest_route=%2Fwp%2Fv2%2Ftags&post=9964"}],"curies":[{"name":"wp","href":"https:\/\/api.w.org\/{rel}","templated":true}]}}