{"id":9992,"date":"2023-07-25T13:22:18","date_gmt":"2023-07-25T16:22:18","guid":{"rendered":"https:\/\/vimagazine.com.br\/?p=9992"},"modified":"2023-07-25T13:22:19","modified_gmt":"2023-07-25T16:22:19","slug":"fernando-fernandes-ex-bbb-e-apresentador-de-no-limite-amazonia-viaja-para-o-ceara-com-afilhada-e-amigos","status":"publish","type":"post","link":"https:\/\/vimagazine.com.br\/?p=9992","title":{"rendered":"Fernando Fernandes, ex-BBB e apresentador de &#8216;No Limite &#8211; Amaz\u00f4nia&#8217;, viaja para o Cear\u00e1 com afilhada e amigos"},"content":{"rendered":"\n<figure class=\"wp-block-image size-large\"><img width=\"704\" height=\"1024\" src=\"https:\/\/vimagazine.com.br\/wp-content\/uploads\/2023\/07\/Fernando-Fernandes-704x1024.jpg\" alt=\"\" class=\"wp-image-9993\" srcset=\"https:\/\/vimagazine.com.br\/wp-content\/uploads\/2023\/07\/Fernando-Fernandes-704x1024.jpg 704w, https:\/\/vimagazine.com.br\/wp-content\/uploads\/2023\/07\/Fernando-Fernandes-206x300.jpg 206w, https:\/\/vimagazine.com.br\/wp-content\/uploads\/2023\/07\/Fernando-Fernandes-768x1117.jpg 768w, https:\/\/vimagazine.com.br\/wp-content\/uploads\/2023\/07\/Fernando-Fernandes-1056x1536.jpg 1056w, https:\/\/vimagazine.com.br\/wp-content\/uploads\/2023\/07\/Fernando-Fernandes-1024x1490.jpg 1024w, https:\/\/vimagazine.com.br\/wp-content\/uploads\/2023\/07\/Fernando-Fernandes.jpg 1112w\" sizes=\"(max-width: 704px) 100vw, 704px\" \/><\/figure>\n\n\n\n<p>*Apresentador de &#8216;No Limite &#8211; Amaz\u00f4nia&#8217;, Fernando Fernandes viaja para o Cear\u00e1 com afilhada e amigos*<strong>Fernando Fernandes<\/strong>, ex-BBB e atual apresentador do reality &#8216;No Limite &#8211; Amaz\u00f4nia&#8217;, foi flagrado no aeroporto de Congonhas, na zona sul da capital paulistana, ao lado de sua afilhada&nbsp;<strong>Bianca<\/strong>&nbsp;de apenas 2 aninhos, seu compadre&nbsp;<strong>Guilherme Cherion<\/strong>, e outros amigos, onde o grupo estava embarcando para o Cear\u00e1, para curtirem alguns dias de f\u00e9rias.<\/p>\n\n\n\n<p>Extremamente simp\u00e1ticos, o grupo quando percebeu que estava sendo clicado pelo fot\u00f3grafo paparazzi, se uniram e posaram para fotos antes de adentrarem na sala de embarque.<\/p>\n\n\n\n<p>Fernando Fernandes tamb\u00e9m \u00e9 atleta paral\u00edmpico e ficou conhecido do p\u00fablico ao participar do &#8216;Big Brother Brasil 2&#8217;, no ano de 2002, quando na \u00e9poca foi o terceiro eliminado do programa, ent\u00e3o apresentado por Pedro Bial.<\/p>\n\n\n\n<p>Ex-jogador profissional de futebol e modelo de campanhas internacionais, ele ficou parapl\u00e9gico ap\u00f3s um acidente de carro em 2009. Foi tetracampe\u00e3o mundial (2009, 2010, 2011 e 2012), tricampe\u00e3o panamericano, tetracampe\u00e3o sul-americano e tetracampe\u00e3o brasileiro de paracanoagem.<\/p>\n\n\n\n<p>Atualmente, Fernando Fernandes est\u00e1 comandando &#8220;No Limite \u2013 Amaz\u00f4nia&#8221;, nova edi\u00e7\u00e3o do reality show de sobreviv\u00eancia, que vai ao ar na TV Globo, \u00e0s ter\u00e7as e quintas-feiras ap\u00f3s a novela &#8220;Terra e paix\u00e3o&#8221;.<\/p>\n\n\n\n<p><strong>Cr\u00e9dito da Foto: Thiago Duran \/ Divulga\u00e7\u00e3o<\/strong><br><\/p>\n","protected":false},"excerpt":{"rendered":"<p>*Apresentador de &#8216;No Limite &#8211; Amaz\u00f4nia&#8217;, Fernando Fernandes viaja para o Cear\u00e1 com afilhada e&#8230;<\/p>\n","protected":false},"author":19,"featured_media":9994,"comment_status":"closed","ping_status":"open","sticky":false,"template":"","format":"standard","meta":{"om_disable_all_campaigns":false,"_monsterinsights_skip_tracking":false,"_monsterinsights_sitenote_active":false,"_monsterinsights_sitenote_note":"","_monsterinsights_sitenote_category":0,"spay_email":""},"categories":[26],"tags":[],"jetpack_featured_media_url":"https:\/\/vimagazine.com.br\/wp-content\/uploads\/2023\/07\/Fernando-Fernandes-com-a-afilha-bianca-e-os-amigos.jpg","_links":{"self":[{"href":"https:\/\/vimagazine.com.br\/index.php?rest_route=\/wp\/v2\/posts\/9992"}],"collection":[{"href":"https:\/\/vimagazine.com.br\/index.php?rest_route=\/wp\/v2\/posts"}],"about":[{"href":"https:\/\/vimagazine.com.br\/index.php?rest_route=\/wp\/v2\/types\/post"}],"author":[{"embeddable":true,"href":"https:\/\/vimagazine.com.br\/index.php?rest_route=\/wp\/v2\/users\/19"}],"replies":[{"embeddable":true,"href":"https:\/\/vimagazine.com.br\/index.php?rest_route=%2Fwp%2Fv2%2Fcomments&post=9992"}],"version-history":[{"count":1,"href":"https:\/\/vimagazine.com.br\/index.php?rest_route=\/wp\/v2\/posts\/9992\/revisions"}],"predecessor-version":[{"id":9995,"href":"https:\/\/vimagazine.com.br\/index.php?rest_route=\/wp\/v2\/posts\/9992\/revisions\/9995"}],"wp:featuredmedia":[{"embeddable":true,"href":"https:\/\/vimagazine.com.br\/index.php?rest_route=\/wp\/v2\/media\/9994"}],"wp:attachment":[{"href":"https:\/\/vimagazine.com.br\/index.php?rest_route=%2Fwp%2Fv2%2Fmedia&parent=9992"}],"wp:term":[{"taxonomy":"category","embeddable":true,"href":"https:\/\/vimagazine.com.br\/index.php?rest_route=%2Fwp%2Fv2%2Fcategories&post=9992"},{"taxonomy":"post_tag","embeddable":true,"href":"https:\/\/vimagazine.com.br\/index.php?rest_route=%2Fwp%2Fv2%2Ftags&post=9992"}],"curies":[{"name":"wp","href":"https:\/\/api.w.org\/{rel}","templated":true}]}}