{"id":9996,"date":"2023-07-26T04:32:11","date_gmt":"2023-07-26T07:32:11","guid":{"rendered":"https:\/\/vimagazine.com.br\/?p=9996"},"modified":"2023-07-26T04:32:14","modified_gmt":"2023-07-26T07:32:14","slug":"exclusivo-deputado-italiano-analisa-as-relacoes-entre-brasil-e-italia-e-a-questao-climatica","status":"publish","type":"post","link":"https:\/\/vimagazine.com.br\/?p=9996","title":{"rendered":"Exclusivo: Deputado Italiano analisa as rela\u00e7\u00f5es entre Brasil e It\u00e1lia e a quest\u00e3o clim\u00e1tica"},"content":{"rendered":"\n<p><\/p>\n\n\n\n<p><strong>&nbsp;&nbsp;&nbsp; Fabio Porta<\/strong> nasceu em Caltagirone, na Sic\u00edlia \u2013 It\u00e1lia, \u00e9 formado em Sociologia Econ\u00f4mica na <strong>Universidade La Sapienza<\/strong> em Roma, com louvor, possui especializa\u00e7\u00e3o \u201cEduca\u00e7\u00e3o de Adultos\u201d na <strong>Universidade de Firenze <\/strong>e \u00e9 Deputado da Rep\u00fablica Italiana pela Am\u00e9rica do Sul. \u00c9 autor de numerosos artigos e publica\u00e7\u00f5es em jornais italianos e estrangeiros. De 1982 a 1986 foi Secret\u00e1rio Nacional do Movimento Estudantil de A\u00e7\u00e3o Cat\u00f3lica Italiana.<\/p>\n\n\n\n<p>&nbsp;&nbsp;&nbsp; Para falar fazer uma an\u00e1lise das rela\u00e7\u00f5es diplom\u00e1ticas entre o Brasil e a It\u00e1lia, bem como, falar das mudan\u00e7as clim\u00e1ticas, e a visita do Presidente Lula, eu entrevistei com exclusividade, o Deputado italiano, Fabio Porta. <strong><\/strong><\/p>\n\n\n\n<p><strong>&nbsp;Como o senhor avalia as rela\u00e7\u00f5es diplom\u00e1ticas e comerciais entre a It\u00e1lia e o Brasil ap\u00f3s a visita do presidente Lula?<\/strong><\/p>\n\n\n\n<p><strong>&nbsp; R:<\/strong> A visita do Presidente Lula, apesar de ter sido limitada praticamente a um dia s\u00f3, foi um sucesso. Al\u00e9m da visita ao Papa Francisco, a \u00fanica a ter sido preparada com diversas semanas de anteced\u00eancia, os encontros com o Presidente da Rep\u00fablica italiana Mattarella, a Primeira-Ministra Giorgia Meloni e importantes lideran\u00e7as de centro-esquerda foram marcados por uma grande empatia entre o presidente Lula e seus interlocutores, independentemente das diferentes vis\u00f5es pol\u00edticas. Um sucesso do Lula e da diplomacia brasileira.<\/p>\n\n\n\n<p><strong><em>Quais s\u00e3o as a\u00e7\u00f5es que o governo italiano tem feito em prol do clima; quais t\u00eam sido as medidas do governo italiano em rela\u00e7\u00e3o \u00e0s mudan\u00e7as clim\u00e1ticas?<\/em><\/strong><\/p>\n\n\n\n<p>&nbsp;&nbsp;<strong>&nbsp; R:<\/strong> Apesar da pauta clim\u00e1tica n\u00e3o estar entre as prioridades do atual governo de centro direita, o governo italiano deve continuar a seguir o objetivo da Uni\u00e3o Europeia de ter emiss\u00f5es zero at\u00e9 o ano de 2050. Como estabelecido pelo programa \u201c<strong>Green Deal<\/strong>\u201d; estas s\u00e3o \u00e0s principais medidas de efici\u00eancia energ\u00e9tica e reabilita\u00e7\u00e3o de edif\u00edcios; Agricultura sustent\u00e1vel; Economia circular e melhoria da gest\u00e3o de res\u00edduos; mobilidade sustent\u00e1vel; requalifica\u00e7\u00e3o de infraestruturas e ciclovias.<\/p>\n\n\n\n<p><strong><em>&nbsp;Qual a sua an\u00e1lise sobre a atua\u00e7\u00e3o da Primeira-Ministra, Georgia Meloni?<\/em><\/strong><\/p>\n\n\n\n<p>&nbsp;<strong>&nbsp; R:<\/strong> &nbsp;A Giorgia Meloni \u00e9 a l\u00edder de um partido de extrema direita, filho de uma cultura que podemos definir p\u00f3s-fascista; apesar disso ele mostrou pragmatismo e equil\u00edbrio no governo, principalmente a n\u00edvel de rela\u00e7\u00f5es dentro da Uni\u00e3o Europeia. Isto n\u00e3o significa que as tendencias xen\u00f3fobas e de pouca toler\u00e2ncia com a diversidades sejam desaparecidas na pauta do partido \u201c<strong>Fratelli d\u2019Italia<\/strong>\u201d ou que o ante europe\u00edsmo seja definitivamente arquivado. Outro problema \u00e9 a heterogeneidade da coliga\u00e7\u00e3o que sustenta o governo: al\u00e9m do partido da Giorgia Meloni temos a Lega Norte e o partido do Ex-presidente do Conselho Berlusconi \u201cFor\u00e7a It\u00e1lia\u201d; n\u00e3o sempre as posi\u00e7\u00f5es destes tr\u00eas partidos s\u00e3o concili\u00e1veis.<\/p>\n\n\n\n<p><strong><em>&nbsp;O senhor acredita que o Brasil tenha como Lula disse, sido recolocado no centro dos debates relacionados \u00e0s quest\u00f5es clim\u00e1ticas?<\/em><\/strong><\/p>\n\n\n\n<p>&nbsp;<strong>&nbsp; R:<\/strong> &nbsp;Sem d\u00favida, Lula preencheu o vazio que a n\u00edvel internacional, deixou o Brasil com Ex-presidente, Bolsonaro no escanteio da grande diplomacia; e principalmente na pauta ambiental que o Brasil est\u00e1 apostando as suas fichas de grande player mundial, e o Presidente Lula dedicou muito espa\u00e7o nos seus discursos, na Europa ao tema da Amaz\u00f4nia e do meio-ambiente, lan\u00e7ando a grande <strong>COP25<\/strong> em Bel\u00e9m sobre as mudan\u00e7as clim\u00e1ticas. \u00c9 indubit\u00e1vel que o Brasil, \u00e9 hoje central, no debate internacional nesta mat\u00e9ria.<\/p>\n\n\n\n<p><strong><em>Qual a an\u00e1lise que o senhor faz sobre situa\u00e7\u00e3o do clima no mundo?<\/em><\/strong><\/p>\n\n\n\n<p>&nbsp; <strong>&nbsp;&nbsp;R:<\/strong> &nbsp;Somente um cego n\u00e3o v\u00ea a gravidade das mudan\u00e7as clim\u00e1ticas no mundo. A situa\u00e7\u00e3o \u00e9 grave e os desastres naturais de cada dia est\u00e3o a testemunhar este drama. \u00c9 bem verdade, que hoje, o movimento ambientalista e a consci\u00eancia da sociedade civil e pol\u00edtica no mundo cresceram de forma relevante, \u00e9 tamb\u00e9m evidente que as medidas tomadas a n\u00edvel nacional e internacional n\u00e3o s\u00e3o suficientes para enfrentar o problema de forma adequada. \u00c9 necess\u00e1rio um esfor\u00e7o maior e mais coordenado; um esfor\u00e7o urgente porque o atraso nestas respostas n\u00e3o tem somente consequ\u00eancias no meio ambiente, mas tamb\u00e9m na luta contra a pobreza e a fome no mundo.<\/p>\n\n\n\n<p><strong><em>&nbsp;Quais foram as principais conquistas obtidas no seu mandato como deputado at\u00e9 o momento?<\/em><\/strong><\/p>\n\n\n\n<p>&nbsp;<strong>&nbsp; R:<\/strong> &nbsp;Coloquei ao centro do debate, no Parlamento a grande import\u00e2ncia das grandes comunidades italianas no mundo: neste momento estamos para discutir a minha lei, para o ensino das migra\u00e7\u00f5es, nas escolas italianas. Pela primeira vez foi aprovada uma lei, sempre de minha autoria, que devolve aos consulados 1\/3 de toda a arrecada\u00e7\u00e3o para melhorar os servi\u00e7os para os italianos no exterior. Muitos acordos bilaterais e multilaterais, com Brasil e Am\u00e9rica do Sul, foram conseguidos pelo meu apoio determinante: o acordo It\u00e1lia-Brasil sobre carteira de habilita\u00e7\u00e3o (que estamos para renovar); o acordo para pagar as pens\u00f5es brasileiras na It\u00e1lia e recentemente o acordo para melhorar o sal\u00e1rio dos funcion\u00e1rios dos consulados no mundo. Estou trabalhando nestes meses para uma lei que favorece com um \u201cvisto permanente\u201d, de tr\u00eas anos, a estadia na It\u00e1lia para estudantes e trabalhadores, e estou igualmente, muito comprometido para que o projeto \u201cturismo das ra\u00edzes\u201d do Minist\u00e9rio do Exterior saia do papel e invista mais na nossa grande comunidade que vive no Brasil.<\/p>\n\n\n\n<p><strong><em>&nbsp;Considera\u00e7\u00f5es finais?<\/em><\/strong><\/p>\n\n\n\n<p>&nbsp;&nbsp;&nbsp; <strong>&nbsp;&nbsp;R:<\/strong> &nbsp;2024, ser\u00e1 o ano, das comemora\u00e7\u00f5es dos 150 anos, de imigra\u00e7\u00e3o italiana no Brasil. &nbsp;\u00c9 a maior comunidade de italianos no mundo, se pensarmos aos milh\u00f5es de descendentes com sangue italiano que vive no Brasil. Estou comprometido, para que este evento, seja um momento de mem\u00f3ria hist\u00f3rica, mas tamb\u00e9m de relan\u00e7amento e fortalecimento das rela\u00e7\u00f5es entre os nossos pa\u00edses em todos os n\u00edveis. <a href=\"https:\/\/www.instagram.com\/f.porta\/\">Aqui<\/a>.<\/p>\n\n\n\n<p><strong>Foto: divulga\u00e7\u00e3o<\/strong><\/p>\n","protected":false},"excerpt":{"rendered":"<p>&nbsp;&nbsp;&nbsp; Fabio Porta nasceu em Caltagirone, na Sic\u00edlia \u2013 It\u00e1lia, \u00e9 formado em Sociologia Econ\u00f4mica&#8230;<\/p>\n","protected":false},"author":2,"featured_media":9997,"comment_status":"closed","ping_status":"open","sticky":false,"template":"","format":"standard","meta":{"om_disable_all_campaigns":false,"_monsterinsights_skip_tracking":false,"_monsterinsights_sitenote_active":false,"_monsterinsights_sitenote_note":"","_monsterinsights_sitenote_category":0,"spay_email":""},"categories":[31,1],"tags":[659,709,710,432],"jetpack_featured_media_url":"https:\/\/vimagazine.com.br\/wp-content\/uploads\/2023\/07\/Porta-2022-AS-Studio-Foto-e-Video-033.jpg","_links":{"self":[{"href":"https:\/\/vimagazine.com.br\/index.php?rest_route=\/wp\/v2\/posts\/9996"}],"collection":[{"href":"https:\/\/vimagazine.com.br\/index.php?rest_route=\/wp\/v2\/posts"}],"about":[{"href":"https:\/\/vimagazine.com.br\/index.php?rest_route=\/wp\/v2\/types\/post"}],"author":[{"embeddable":true,"href":"https:\/\/vimagazine.com.br\/index.php?rest_route=\/wp\/v2\/users\/2"}],"replies":[{"embeddable":true,"href":"https:\/\/vimagazine.com.br\/index.php?rest_route=%2Fwp%2Fv2%2Fcomments&post=9996"}],"version-history":[{"count":1,"href":"https:\/\/vimagazine.com.br\/index.php?rest_route=\/wp\/v2\/posts\/9996\/revisions"}],"predecessor-version":[{"id":9998,"href":"https:\/\/vimagazine.com.br\/index.php?rest_route=\/wp\/v2\/posts\/9996\/revisions\/9998"}],"wp:featuredmedia":[{"embeddable":true,"href":"https:\/\/vimagazine.com.br\/index.php?rest_route=\/wp\/v2\/media\/9997"}],"wp:attachment":[{"href":"https:\/\/vimagazine.com.br\/index.php?rest_route=%2Fwp%2Fv2%2Fmedia&parent=9996"}],"wp:term":[{"taxonomy":"category","embeddable":true,"href":"https:\/\/vimagazine.com.br\/index.php?rest_route=%2Fwp%2Fv2%2Fcategories&post=9996"},{"taxonomy":"post_tag","embeddable":true,"href":"https:\/\/vimagazine.com.br\/index.php?rest_route=%2Fwp%2Fv2%2Ftags&post=9996"}],"curies":[{"name":"wp","href":"https:\/\/api.w.org\/{rel}","templated":true}]}}