{"id":2,"name":"Jo\u00e3o Costa","url":"","description":"Jo\u00e3o Costa \u00e9 jornalista, assessor de imprensa, comunicador, rela\u00e7\u00f5es p\u00fablicas, colunista internacional al\u00e9m de membro do ecossistema OVAL TABLE, membro da Associa\u00e7\u00e3o Paulista de Imprensa (API) e da Associa\u00e7\u00e3o Brasileira de Imprensa e M\u00eddia Eletr\u00f4nica (ABIME). Reconhecido por sua atua\u00e7\u00e3o em prol das quest\u00f5es sociais e da promo\u00e7\u00e3o das rela\u00e7\u00f5es humanas, defende de forma intransigente a liberdade de imprensa e a liberdade de express\u00e3o. Sua trajet\u00f3ria \u00e9 marcada por uma atua\u00e7\u00e3o coerente e estrat\u00e9gica na \u00e1rea de comunica\u00e7\u00e3o como um todo.\r\nPrincipais trabalhos \r\n* Editor \u2013 chefe e assessor de imprensa na Ag\u00eancia de Comunica\u00e7\u00e3o AN CONNECT \r\n* Assessor de imprensa e comunica\u00e7\u00e3o do Dr. Cesar Rom\u00e3o (advogado, escritor, conferencista internacional e diretor do Conselho Superior da Associa\u00e7\u00e3o Paulista de Imprensa)\r\n* Assessor de Imprensa da Miss Paran\u00e1 2025 e uma das finalistas do Miss Brasil Paula Assun\u00e7\u00e3o, bem como, assessoramento de misses e modelos nacionais e internacionais \r\n* Assessor de Imprensa da Miss Austr\u00e1lia Bruna Guimar\u00e3es \r\n*Coordenador de comunica\u00e7\u00e3o e Articulista do Observat\u00f3rio da Comunica\u00e7\u00e3o Institucional em S\u00e3o Paulo \r\n* Assessor de Imprensa e Articulista do Instituto Palavra Aberta, \r\n\r\nAo longo de sua carreira, recebeu importantes reconhecimentos, entre eles:\r\n\r\n\u2022\tPr\u00eamio Not\u00e1vel como Destaque em Comunica\u00e7\u00e3o \r\n\u2022\tPr\u00eamio Odarcio Ducci de Jornalismo\r\n\u2022\tPr\u00eamio ABIME Comunica\u00e7\u00e3o da Associa\u00e7\u00e3o Brasileira de Imprensa de M\u00eddia Eletr\u00f4nica\r\n\u2022\tPr\u00eamio Iberoamericano de Jornalismo\r\n\u2022\tPr\u00eamio de Refer\u00eancia em Comunica\u00e7\u00e3o pela ANCEC \u2013 Ag\u00eancia Nacional de Cultura, Empreendedorismo e Comunica\u00e7\u00e3o.\r\n\r\nSua experi\u00eancia internacional inclui participa\u00e7\u00e3o em eventos da Embaixada do Gab\u00e3o no Brasil, onde atuou como int\u00e9rprete oficial durante um jantar beneficente, a convite do embaixador, com a presen\u00e7a do Vice-presidente da Rep\u00fablica.\r\nAl\u00e9m disso, Jo\u00e3o Costa participa ativamente de congressos, confer\u00eancias, workshops e eventos online, sendo uma voz influente nas discuss\u00f5es sobre m\u00eddia, cultura e direitos sociais.\r\n\r\nInstagram: @joaocostaooficial\r\nLinkedIn: Jo\u00e3o Costa\r\nRegistro Profissional: 0087452\/SP \u2013 FENAJ (Federa\u00e7\u00e3o Nacional dos Jornalistas)","link":"https:\/\/vimagazine.com.br\/?author=2","slug":"joao-costa","avatar_urls":{"24":"https:\/\/secure.gravatar.com\/avatar\/5601d175c72662b5ea9650a5d0620f66?s=24&d=mm&r=g","48":"https:\/\/secure.gravatar.com\/avatar\/5601d175c72662b5ea9650a5d0620f66?s=48&d=mm&r=g","96":"https:\/\/secure.gravatar.com\/avatar\/5601d175c72662b5ea9650a5d0620f66?s=96&d=mm&r=g"},"meta":[],"_links":{"self":[{"href":"https:\/\/vimagazine.com.br\/index.php?rest_route=\/wp\/v2\/users\/2"}],"collection":[{"href":"https:\/\/vimagazine.com.br\/index.php?rest_route=\/wp\/v2\/users"}]}}